{"id":110993,"date":"2019-08-19T08:55:36","date_gmt":"2019-08-19T11:55:36","guid":{"rendered":"http:\/\/www.caririemacao.com\/1\/?p=110993"},"modified":"2019-08-19T08:55:36","modified_gmt":"2019-08-19T11:55:36","slug":"bolsonaro-divulga-video-de-caca-de-baleias-em-ilha-dinamarquesa-para-criticar-noruega","status":"publish","type":"post","link":"https:\/\/www.caririemacao.com\/1\/2019\/08\/19\/bolsonaro-divulga-video-de-caca-de-baleias-em-ilha-dinamarquesa-para-criticar-noruega\/","title":{"rendered":"Bolsonaro divulga v\u00eddeo de ca\u00e7a de baleias em ilha dinamarquesa para criticar Noruega"},"content":{"rendered":"\n<p>O presidente Jair Bolsonaro (PSL) utilizou neste domingo (18) imagens de uma ca\u00e7a tradicional realizada em uma ilha dinamarquesa para criticar a Noruega, que anunciou na semana passada suspens\u00e3o de repasse de recursos ao Fundo Amaz\u00f4nico.<\/p>\n\n\n\n<p>Imagens semelhantes \u00e0s do v\u00eddeo publicado pelo presidente, que circulavam pela internet em redes sociais, foram analisadas pela Ag\u00eancia Lupa na sexta-feira (16). Segundo o servi\u00e7o de verifica\u00e7\u00e3o, \u00e9 falsa a afirma\u00e7\u00e3o de que as imagens foram feitas na Noruega.<\/p>\n\n\n\n<p>O v\u00eddeo compartilhado por Bolsonaro em sua rede social, mostra ca\u00e7adores encurralando baleias em uma praia e, na sequ\u00eancia, matando-as com arp\u00f5es. O material identifica a sequ\u00eancia de imagens como tendo ocorrido em maio deste ano na Noruega.<\/p>\n\n\n\n<p>Na mesma publica\u00e7\u00e3o, Bolsonaro disse que em torno de 40% dos recursos do Fundo Amaz\u00f4nico s\u00e3o direcionados a ONGs, que s\u00e3o, segundo ele, &#8220;ref\u00fagio de muitos ambientalistas&#8221;. &#8220;Veja a matan\u00e7a das baleias patrocinada pela Noruega&#8221;, escreveu.<\/p>\n\n\n\n<p>As imagens analisadas pela Ag\u00eancia Lupa, que foram feitas por ag\u00eancias internacionais, na verdade, s\u00e3o das llhas Faro\u00eb, um arquip\u00e9lago no Atl\u00e2ntico Norte dependente da Dinamarca, que promove um festival anual chamado Grindadr\u00e1p.<\/p>\n\n\n\n<p>No Youtube, v\u00eddeo semelhante ao compartilhado pelo presidente identifica as imagens como tendo sido feitas nas llhas Faro\u00eb, mas tamb\u00e9m se equivoca ao afirmar que elas ficam localizadas na Noruega.<\/p>\n\n\n\n<p>A ca\u00e7a comercial de baleias \u00e9 permitida na Noruega, mas, segundo dados internacionais, t\u00eam diminu\u00eddo ao longo dos anos.<\/p>\n\n\n\n<p>Na quinta-feira (15), ao comentar a suspens\u00e3o do repasse ao Fundo Amaz\u00f4nico, o presidente havia afirmado que a Noruega&#8221;mata baleia&#8221;, &#8220;explora petr\u00f3leo&#8221; e n\u00e3o tem nada a oferecer ao Brasil neste momento.<\/p>\n\n\n\n<p>A Noruega seguiu a decis\u00e3o da Alemanha que, no s\u00e1bado (10), tamb\u00e9m informou que suspender\u00e1 parte do financiamento de prote\u00e7\u00e3o ambiental para o Brasil. No mesmo tom adotado contra a Noruega, Bolsonaro sugeriu que a Alemanha refloreste seu pr\u00f3prio pa\u00eds.<\/p>\n\n\n\n<p>O presidente disse ainda que o interesse dos pa\u00edses europeus n\u00e3o \u00e9 em ajudar a floresta amaz\u00f4nica, mas em explorar a sua riqueza e exercer soberania sobre ela. Segundo ele, a &#8220;imagem p\u00e9ssima&#8221; do pa\u00eds no exterior se deve \u00e0 subservi\u00eancia a pa\u00edses desenvolvidos.<\/p>\n","protected":false},"excerpt":{"rendered":"<p>O presidente Jair Bolsonaro (PSL) utilizou neste domingo (18) imagens de uma ca\u00e7a tradicional realizada em uma ilha dinamarquesa para criticar a Noruega, que anunciou&hellip; <\/p>\n","protected":false},"author":1,"featured_media":110994,"comment_status":"closed","ping_status":"closed","sticky":false,"template":"","format":"standard","meta":{"sfsi_plus_gutenberg_text_before_share":"","sfsi_plus_gutenberg_show_text_before_share":"","sfsi_plus_gutenberg_icon_type":"","sfsi_plus_gutenberg_icon_alignemt":"","sfsi_plus_gutenburg_max_per_row":"","footnotes":""},"categories":[2],"tags":[],"class_list":["post-110993","post","type-post","status-publish","format-standard","has-post-thumbnail","hentry","category-geral"],"_links":{"self":[{"href":"https:\/\/www.caririemacao.com\/1\/wp-json\/wp\/v2\/posts\/110993","targetHints":{"allow":["GET"]}}],"collection":[{"href":"https:\/\/www.caririemacao.com\/1\/wp-json\/wp\/v2\/posts"}],"about":[{"href":"https:\/\/www.caririemacao.com\/1\/wp-json\/wp\/v2\/types\/post"}],"author":[{"embeddable":true,"href":"https:\/\/www.caririemacao.com\/1\/wp-json\/wp\/v2\/users\/1"}],"replies":[{"embeddable":true,"href":"https:\/\/www.caririemacao.com\/1\/wp-json\/wp\/v2\/comments?post=110993"}],"version-history":[{"count":1,"href":"https:\/\/www.caririemacao.com\/1\/wp-json\/wp\/v2\/posts\/110993\/revisions"}],"predecessor-version":[{"id":110995,"href":"https:\/\/www.caririemacao.com\/1\/wp-json\/wp\/v2\/posts\/110993\/revisions\/110995"}],"wp:featuredmedia":[{"embeddable":true,"href":"https:\/\/www.caririemacao.com\/1\/wp-json\/wp\/v2\/media\/110994"}],"wp:attachment":[{"href":"https:\/\/www.caririemacao.com\/1\/wp-json\/wp\/v2\/media?parent=110993"}],"wp:term":[{"taxonomy":"category","embeddable":true,"href":"https:\/\/www.caririemacao.com\/1\/wp-json\/wp\/v2\/categories?post=110993"},{"taxonomy":"post_tag","embeddable":true,"href":"https:\/\/www.caririemacao.com\/1\/wp-json\/wp\/v2\/tags?post=110993"}],"curies":[{"name":"wp","href":"https:\/\/api.w.org\/{rel}","templated":true}]}}