{"id":111005,"date":"2019-08-19T09:01:58","date_gmt":"2019-08-19T12:01:58","guid":{"rendered":"http:\/\/www.caririemacao.com\/1\/?p=111005"},"modified":"2019-08-19T09:01:58","modified_gmt":"2019-08-19T12:01:58","slug":"no-dia-do-ciclista-campanha-alerta-sobre-uso-seguro-da-bicicleta","status":"publish","type":"post","link":"https:\/\/www.caririemacao.com\/1\/2019\/08\/19\/no-dia-do-ciclista-campanha-alerta-sobre-uso-seguro-da-bicicleta\/","title":{"rendered":"No Dia do Ciclista, campanha alerta sobre uso seguro da bicicleta"},"content":{"rendered":"\n<p>&nbsp;Campanha Bicicleta Segura, da Sociedade Brasileira de Ortopedia e Traumatologia (Sbot), chama a aten\u00e7\u00e3o para o Dia do Ciclista, comemorado nesta segunda-feira (19). O presidente da Sbot, Mois\u00e9s Cohen, disse que a campanha visa a orientar as pessoas na preven\u00e7\u00e3o de les\u00f5es em acidentes envolvendo bicicletas. Somente no ano passado, 11.741 brasileiros foram internados por envolvimento em acidentes com bicicleta, gerando custo superior a R$ 14 milh\u00f5es ao Sistema \u00danico de Sa\u00fade (SUS), informou Cohen. A campanha ser\u00e1 desenvolvida at\u00e9 o fim deste m\u00eas.<\/p>\n\n\n\n<p>Ele lembrou que aumentou muito a pr\u00e1tica do ciclismo nas grandes cidades, motivada pelo baixo custo, a&nbsp; rapidez, praticidade, sa\u00fade e preocupa\u00e7\u00e3o ambiental. Por outro lado, pelo fato de as cidades, em sua maioria, n\u00e3o terem estrutura para o ciclismo e tamb\u00e9m porque as pessoas n\u00e3o t\u00eam orienta\u00e7\u00f5es para entender a bicicleta como um esporte, a atividade pode acabar trazendo problemas. O ciclista \u201cdeve estar paramentado, ou seja, com capacete, que \u00e9 algo fundamental, e obedecer \u00e0s regras\u201d, disse o ortopedista.<\/p>\n\n\n\n<h2 class=\"wp-block-heading\">Conscientiza\u00e7\u00e3o<\/h2>\n\n\n\n<figure class=\"wp-block-image\"><img decoding=\"async\" data-src=\"http:\/\/imagens.ebc.com.br\/NkgPnByMm7Byig00h10kiHIp7Wo=\/754x0\/smart\/http:\/\/agenciabrasil.ebc.com.br\/sites\/default\/files\/thumbnails\/image\/abraao_azevedo_ja_venceu_varias_provas_e_ultramaratonas_de_mountain_bike.jpg?itok=Hj1PrleT\" alt=\"Caminhos, Reportagem, Bicicletas\" src=\"data:image\/svg+xml;base64,PHN2ZyB3aWR0aD0iMSIgaGVpZ2h0PSIxIiB4bWxucz0iaHR0cDovL3d3dy53My5vcmcvMjAwMC9zdmciPjwvc3ZnPg==\" class=\"lazyload\" \/><\/figure>\n\n\n\n<p>Caminhos, Reportagem, Bicicletas &#8211;&nbsp;<strong>Imagens TV Brasil<\/strong><\/p>\n\n\n\n<p>\u201cAcho que essa orienta\u00e7\u00e3o, essa conscientiza\u00e7\u00e3o \u00e9 importante, baseada no aumento das les\u00f5es que os ortopedistas t\u00eam encontrado\u201d. Um trauma no cr\u00e2nio, como resultado de uma queda de bicicleta, por exemplo, pode representar risco para o ciclista. Mois\u00e9s Cohen informou que as fraturas mais comuns quando o ciclista cai da&nbsp;<em>bike<\/em>&nbsp;s\u00e3o da clav\u00edcula, na regi\u00e3o do ombro. \u201cA articula\u00e7\u00e3o do ombro \u00e9 aquela que \u00e9 mais comprometida nas quedas. E a Sbot vive alertando para isso\u201d.<\/p>\n\n\n\n<p>Para evitar que fraturas e outras les\u00f5es aconte\u00e7am, a entidade recomenda que os ciclistas se protejam, tomem cuidado e andem em lugares adequados, com bicicletas tamb\u00e9m adequadas. \u201cAcho que essa \u00e9 uma campanha importante para a conscientiza\u00e7\u00e3o da popula\u00e7\u00e3o\u201d, refor\u00e7ou. A campanha \u00e9&nbsp;<em>online<\/em>&nbsp;e cada regional da Sbot tem liberdade para divulg\u00e1-la da forma que preferir.<\/p>\n\n\n\n<p>Cohen alertou que n\u00e3o h\u00e1 no Brasil dados referentes a ciclistas que ficaram com sequelas irrepar\u00e1veis e que, \u201cmuito provavelmente\u201d, incluem traumas na cabe\u00e7a, coluna, pernas e bra\u00e7os, que resultaram em afastamento do trabalho, perda da capacidade de realizar tarefas simples do dia a dia e, at\u00e9 mesmo, pedalar.<\/p>\n\n\n\n<p>Segundo a Sbot, a cada dois dias, pelo menos um ciclista internado em hospital p\u00fablico de S\u00e3o Paulo morre v\u00edtima de acidente de tr\u00e2nsito. As principais causas de acidentes s\u00e3o embriaguez de motoristas de autom\u00f3vel, desrespeito \u00e0s leis de tr\u00e2nsito e bicicletas no mesmo espa\u00e7o que outros ve\u00edculos.<\/p>\n\n\n\n<h2 class=\"wp-block-heading\">Motoristas<\/h2>\n\n\n\n<p>A campanha n\u00e3o se prende apenas ao ciclista. O presidente da Sbot ressaltou que, indiretamente, a campanha \u00e9 mais importante para o motorista de autom\u00f3veis, \u00f4nibus e caminh\u00f5es, porque os acidentes graves que ocorrem nas cidades s\u00e3o principalmente causados por esses condutores de ve\u00edculos. Os acidentes s\u00e3o de grande monta e, geralmente, ocorrem \u00e0 noite, vitimando em especial ciclistas que pedalam em grupo. \u201cVoc\u00ea tem os dois lados: o lado da queda casual e o lado dos acidentes que trazem, geralmente, consequ\u00eancias muito mais s\u00e9rias\u201d.<\/p>\n\n\n\n<p>A campanha visa a estimular a popula\u00e7\u00e3o a agir com cidadania e seguran\u00e7a. Entre as recomenda\u00e7\u00f5es feitas pela Sbot aos ciclistas est\u00e3o o respeito \u00e0s leis de tr\u00e2nsito; o uso das ciclovias; o cuidado ao passar por carros estacionados; a circula\u00e7\u00e3o sempre do lado direito da via, pr\u00f3ximo ao meio-fio e no mesmo sentido dos ve\u00edculos. Al\u00e9m disso, respeito, aten\u00e7\u00e3o e preven\u00e7\u00e3o s\u00e3o palavras-chave para quem usa a bicicleta diariamente, lembra a entidade.<\/p>\n\n\n\n<p>As dicas de seguran\u00e7a incluem equipamentos (usar sempre capacete, luvas e \u00f3culos); ilumina\u00e7\u00e3o (usar sempre luz branca na frente e vermelha atr\u00e1s); velocidade (andar em uma velocidade compat\u00edvel \u00e0 via); n\u00e3o ultrapassar o sinal vermelho; usar sempre cal\u00e7ados fechados para pedalar; e seguir a orienta\u00e7\u00e3o ergon\u00f4mica para evitar poss\u00edveis problemas no joelho.<\/p>\n\n\n\n<h2 class=\"wp-block-heading\">Dia do Ciclista<\/h2>\n\n\n\n<p>O Dia do Ciclista \u00e9 celebrado em 19 de agosto e homenageia o bi\u00f3logo Pedro Davison, que morreu atropelado em 2006, em Bras\u00edlia, aos 25 anos de idade, enquanto pedalava no Eix\u00e3o Sul, via expressa da capital federal, que \u00e9 fechada ao tr\u00e1fego de ve\u00edculos aos domingos para se transformar em \u00e1rea de lazer. A data entrou no calend\u00e1rio oficial do pa\u00eds. Sua aprova\u00e7\u00e3o tem o objetivo de estimular o uso da bicicleta, a cidadania e a mobilidade sustent\u00e1vel e plural, al\u00e9m de criar novas oportunidades para promover a educa\u00e7\u00e3o para a paz no tr\u00e2nsito.<\/p>\n","protected":false},"excerpt":{"rendered":"<p>&nbsp;Campanha Bicicleta Segura, da Sociedade Brasileira de Ortopedia e Traumatologia (Sbot), chama a aten\u00e7\u00e3o para o Dia do Ciclista, comemorado nesta segunda-feira (19). O presidente&hellip; <\/p>\n","protected":false},"author":1,"featured_media":111006,"comment_status":"closed","ping_status":"closed","sticky":false,"template":"","format":"standard","meta":{"sfsi_plus_gutenberg_text_before_share":"","sfsi_plus_gutenberg_show_text_before_share":"","sfsi_plus_gutenberg_icon_type":"","sfsi_plus_gutenberg_icon_alignemt":"","sfsi_plus_gutenburg_max_per_row":"","footnotes":""},"categories":[13],"tags":[],"class_list":["post-111005","post","type-post","status-publish","format-standard","has-post-thumbnail","hentry","category-esportes"],"_links":{"self":[{"href":"https:\/\/www.caririemacao.com\/1\/wp-json\/wp\/v2\/posts\/111005","targetHints":{"allow":["GET"]}}],"collection":[{"href":"https:\/\/www.caririemacao.com\/1\/wp-json\/wp\/v2\/posts"}],"about":[{"href":"https:\/\/www.caririemacao.com\/1\/wp-json\/wp\/v2\/types\/post"}],"author":[{"embeddable":true,"href":"https:\/\/www.caririemacao.com\/1\/wp-json\/wp\/v2\/users\/1"}],"replies":[{"embeddable":true,"href":"https:\/\/www.caririemacao.com\/1\/wp-json\/wp\/v2\/comments?post=111005"}],"version-history":[{"count":1,"href":"https:\/\/www.caririemacao.com\/1\/wp-json\/wp\/v2\/posts\/111005\/revisions"}],"predecessor-version":[{"id":111007,"href":"https:\/\/www.caririemacao.com\/1\/wp-json\/wp\/v2\/posts\/111005\/revisions\/111007"}],"wp:featuredmedia":[{"embeddable":true,"href":"https:\/\/www.caririemacao.com\/1\/wp-json\/wp\/v2\/media\/111006"}],"wp:attachment":[{"href":"https:\/\/www.caririemacao.com\/1\/wp-json\/wp\/v2\/media?parent=111005"}],"wp:term":[{"taxonomy":"category","embeddable":true,"href":"https:\/\/www.caririemacao.com\/1\/wp-json\/wp\/v2\/categories?post=111005"},{"taxonomy":"post_tag","embeddable":true,"href":"https:\/\/www.caririemacao.com\/1\/wp-json\/wp\/v2\/tags?post=111005"}],"curies":[{"name":"wp","href":"https:\/\/api.w.org\/{rel}","templated":true}]}}