{"id":111018,"date":"2019-08-19T09:09:37","date_gmt":"2019-08-19T12:09:37","guid":{"rendered":"http:\/\/www.caririemacao.com\/1\/?p=111018"},"modified":"2019-08-19T09:09:37","modified_gmt":"2019-08-19T12:09:37","slug":"agropecuaria-nordestina-ganha-plano-de-acao-para-o-seu-desenvolvimento","status":"publish","type":"post","link":"https:\/\/www.caririemacao.com\/1\/2019\/08\/19\/agropecuaria-nordestina-ganha-plano-de-acao-para-o-seu-desenvolvimento\/","title":{"rendered":"Agropecu\u00e1ria nordestina ganha plano de a\u00e7\u00e3o para o seu desenvolvimento"},"content":{"rendered":"\n<p>A agropecu\u00e1ria nordestina tem a partir de hoje (19) um instrumento importante para o seu desenvolvimento. A Portaria 164, de 16 de agosto, publicada no&nbsp;<a href=\"http:\/\/www.in.gov.br\/en\/web\/dou\/-\/portaria-n-164-de-16-de-agosto-de-2019-211215927\" target=\"_blank\" rel=\"noreferrer noopener\"><em>Di\u00e1rio Oficial da Uni\u00e3o&nbsp;<\/em><\/a>desta segunda-feira, estabelece no Minist\u00e9rio da Agricultura, Pecu\u00e1ria e Abastecimento o Plano de A\u00e7\u00e3o para o Nordeste (AgroNordeste).<\/p>\n\n\n\n<p>O AgroNordeste vai apoiar a organiza\u00e7\u00e3o das cadeias agropecu\u00e1rias da regi\u00e3o para ampliar e diversificar os canais de comercializa\u00e7\u00e3o, \u201catuando com pertin\u00eancia social, ambiental e econ\u00f4mica e buscando aumentar a efici\u00eancia produtiva e o benef\u00edcio social\u201d.<\/p>\n\n\n\n<p>De acordo com a portaria, o plano trabalhar\u00e1 tamb\u00e9m na identifica\u00e7\u00e3o de obst\u00e1culos que travam a competitividade de setores da agropecu\u00e1ria nordestina com potencial de crescimento e apoiar a melhoria dos sistemas produtivos, do beneficiamento e do processamento de produtos.<\/p>\n\n\n\n<p>O AgroNordeste trabalhar\u00e1 tamb\u00e9m no acesso dos produtores a cr\u00e9dito, assist\u00eancia t\u00e9cnica e tecnologias, objetivando o desenvolvimento de produtos com maior valor agregado e de estrat\u00e9gias de conviv\u00eancia com a seca.<\/p>\n","protected":false},"excerpt":{"rendered":"<p>A agropecu\u00e1ria nordestina tem a partir de hoje (19) um instrumento importante para o seu desenvolvimento. A Portaria 164, de 16 de agosto, publicada no&nbsp;Di\u00e1rio&hellip; <\/p>\n","protected":false},"author":1,"featured_media":19706,"comment_status":"closed","ping_status":"closed","sticky":false,"template":"","format":"standard","meta":{"sfsi_plus_gutenberg_text_before_share":"","sfsi_plus_gutenberg_show_text_before_share":"","sfsi_plus_gutenberg_icon_type":"","sfsi_plus_gutenberg_icon_alignemt":"","sfsi_plus_gutenburg_max_per_row":"","footnotes":""},"categories":[2],"tags":[],"class_list":["post-111018","post","type-post","status-publish","format-standard","has-post-thumbnail","hentry","category-geral"],"_links":{"self":[{"href":"https:\/\/www.caririemacao.com\/1\/wp-json\/wp\/v2\/posts\/111018","targetHints":{"allow":["GET"]}}],"collection":[{"href":"https:\/\/www.caririemacao.com\/1\/wp-json\/wp\/v2\/posts"}],"about":[{"href":"https:\/\/www.caririemacao.com\/1\/wp-json\/wp\/v2\/types\/post"}],"author":[{"embeddable":true,"href":"https:\/\/www.caririemacao.com\/1\/wp-json\/wp\/v2\/users\/1"}],"replies":[{"embeddable":true,"href":"https:\/\/www.caririemacao.com\/1\/wp-json\/wp\/v2\/comments?post=111018"}],"version-history":[{"count":1,"href":"https:\/\/www.caririemacao.com\/1\/wp-json\/wp\/v2\/posts\/111018\/revisions"}],"predecessor-version":[{"id":111020,"href":"https:\/\/www.caririemacao.com\/1\/wp-json\/wp\/v2\/posts\/111018\/revisions\/111020"}],"wp:featuredmedia":[{"embeddable":true,"href":"https:\/\/www.caririemacao.com\/1\/wp-json\/wp\/v2\/media\/19706"}],"wp:attachment":[{"href":"https:\/\/www.caririemacao.com\/1\/wp-json\/wp\/v2\/media?parent=111018"}],"wp:term":[{"taxonomy":"category","embeddable":true,"href":"https:\/\/www.caririemacao.com\/1\/wp-json\/wp\/v2\/categories?post=111018"},{"taxonomy":"post_tag","embeddable":true,"href":"https:\/\/www.caririemacao.com\/1\/wp-json\/wp\/v2\/tags?post=111018"}],"curies":[{"name":"wp","href":"https:\/\/api.w.org\/{rel}","templated":true}]}}