{"id":111025,"date":"2019-08-19T09:12:30","date_gmt":"2019-08-19T12:12:30","guid":{"rendered":"http:\/\/www.caririemacao.com\/1\/?p=111025"},"modified":"2019-08-19T09:12:30","modified_gmt":"2019-08-19T12:12:30","slug":"medica-brasileira-e-homenageada-no-dia-mundial-humanitario","status":"publish","type":"post","link":"https:\/\/www.caririemacao.com\/1\/2019\/08\/19\/medica-brasileira-e-homenageada-no-dia-mundial-humanitario\/","title":{"rendered":"M\u00e9dica brasileira \u00e9 homenageada no Dia Mundial Humanit\u00e1rio"},"content":{"rendered":"\n<p>Comit\u00ea Internacional da Cruz Vermelha (CICV) homenageia, no Dia Mundial Humanit\u00e1rio, comemorado hoje (19), mulheres que atuam em \u00e1reas de conflito no mundo inteiro. Entre as homenageadas est\u00e1 a m\u00e9dica brasileira N\u00e1dia Rudneck, especializada em trauma e emerg\u00eancia. Atualmente, N\u00e1dia faz mestrado em a\u00e7\u00e3o humanit\u00e1ria internacional e atua como cirurgi\u00e3 em um hospital militar no Sud\u00e3o do Sul, onde \u00e9 a \u00fanica mulher da equipe. Ela integra o Comit\u00ea da Cruz Vermelha e diz que pretende continuar a desenvolver a\u00e7\u00f5es humanit\u00e1rias.\u201cEu vejo que para pacientes do sexo masculino n\u00e3o muda se voc\u00ea \u00e9 mulher ou homem. Mas sinto que com pacientes do sexo feminino, elas provavelmente se sentem um pouco mais confort\u00e1veis em ter uma m\u00e9dica, cirurgi\u00e3, do mesmo sexo que elas\u201d, afirma.A data, criada pela Organiza\u00e7\u00e3o das Na\u00e7\u00f5es Unidas (ONU), \u00e9 comemorada para mostrar a import\u00e2ncia de quem deixa casa e fam\u00edlia para ajudar pessoas em situa\u00e7\u00e3o de risco. &nbsp;&nbsp;O Dia Mundial Humanit\u00e1rio coincide com a data do ataque terrorista contra a sede da ONU em Bagd\u00e1, no Iraque, que feriu 150 funcion\u00e1rios e matou 22. Uma das v\u00edtimas foi o diplomata brasileiro e ent\u00e3o chefe do Escrit\u00f3rio do Alto Comissariado das Na\u00e7\u00f5es Unidas para os Direitos Humanos (ACNUDH), Sergio Vieira de Mello. &nbsp;Segundo o CICV, o trabalho humanit\u00e1rio \u00e9 fundamental em \u00e1reas de conflito, principalmente para atender mulheres, que em geral s\u00e3o afetadas de forma desproporcional, v\u00edtimas de amea\u00e7as ou viol\u00eancia sexual.De acordo com dados do Alto Comissariado da ONU para Refugiados (Acnur), em todo o mundo, 132 milh\u00f5es de pessoas precisam de assist\u00eancia humanit\u00e1ria devido a conflitos, repress\u00f5es e desastres naturais. Metade desse grupo \u00e9 representado por meninas e mulheres que diariamente enfrentam discrimina\u00e7\u00e3o e viol\u00eancia.<\/p>\n","protected":false},"excerpt":{"rendered":"<p>Comit\u00ea Internacional da Cruz Vermelha (CICV) homenageia, no Dia Mundial Humanit\u00e1rio, comemorado hoje (19), mulheres que atuam em \u00e1reas de conflito no mundo inteiro. Entre&hellip; <\/p>\n","protected":false},"author":1,"featured_media":111026,"comment_status":"closed","ping_status":"closed","sticky":false,"template":"","format":"standard","meta":{"sfsi_plus_gutenberg_text_before_share":"","sfsi_plus_gutenberg_show_text_before_share":"","sfsi_plus_gutenberg_icon_type":"","sfsi_plus_gutenberg_icon_alignemt":"","sfsi_plus_gutenburg_max_per_row":"","footnotes":""},"categories":[2],"tags":[],"class_list":["post-111025","post","type-post","status-publish","format-standard","has-post-thumbnail","hentry","category-geral"],"_links":{"self":[{"href":"https:\/\/www.caririemacao.com\/1\/wp-json\/wp\/v2\/posts\/111025","targetHints":{"allow":["GET"]}}],"collection":[{"href":"https:\/\/www.caririemacao.com\/1\/wp-json\/wp\/v2\/posts"}],"about":[{"href":"https:\/\/www.caririemacao.com\/1\/wp-json\/wp\/v2\/types\/post"}],"author":[{"embeddable":true,"href":"https:\/\/www.caririemacao.com\/1\/wp-json\/wp\/v2\/users\/1"}],"replies":[{"embeddable":true,"href":"https:\/\/www.caririemacao.com\/1\/wp-json\/wp\/v2\/comments?post=111025"}],"version-history":[{"count":1,"href":"https:\/\/www.caririemacao.com\/1\/wp-json\/wp\/v2\/posts\/111025\/revisions"}],"predecessor-version":[{"id":111027,"href":"https:\/\/www.caririemacao.com\/1\/wp-json\/wp\/v2\/posts\/111025\/revisions\/111027"}],"wp:featuredmedia":[{"embeddable":true,"href":"https:\/\/www.caririemacao.com\/1\/wp-json\/wp\/v2\/media\/111026"}],"wp:attachment":[{"href":"https:\/\/www.caririemacao.com\/1\/wp-json\/wp\/v2\/media?parent=111025"}],"wp:term":[{"taxonomy":"category","embeddable":true,"href":"https:\/\/www.caririemacao.com\/1\/wp-json\/wp\/v2\/categories?post=111025"},{"taxonomy":"post_tag","embeddable":true,"href":"https:\/\/www.caririemacao.com\/1\/wp-json\/wp\/v2\/tags?post=111025"}],"curies":[{"name":"wp","href":"https:\/\/api.w.org\/{rel}","templated":true}]}}