{"id":111055,"date":"2019-08-19T10:06:04","date_gmt":"2019-08-19T13:06:04","guid":{"rendered":"http:\/\/www.caririemacao.com\/1\/?p=111055"},"modified":"2019-08-19T10:06:04","modified_gmt":"2019-08-19T13:06:04","slug":"uso-da-forca-em-hong-kong-pode-afetar-acordo-dos-eua-com-a-china","status":"publish","type":"post","link":"https:\/\/www.caririemacao.com\/1\/2019\/08\/19\/uso-da-forca-em-hong-kong-pode-afetar-acordo-dos-eua-com-a-china\/","title":{"rendered":"Uso da for\u00e7a em Hong Kong pode afetar acordo dos EUA com a China"},"content":{"rendered":"\n<p>\u00a0O presidente americano Donald Trump indicou que as negocia\u00e7\u00f5es entre os Estados Unidos e a China podem ser afetadas caso Pequim fa\u00e7a uso de viol\u00eancia para conter manifestantes em Hong Kong.<\/p>\n\n\n\n<p>Trump falou a rep\u00f3rteres em Nova Jersey, no domingo (18).<\/p>\n\n\n\n<p>Ele expressou preocupa\u00e7\u00e3o a respeito de &#8220;um novo incidente como do da Pra\u00e7a da Paz Celestial&#8221;, referindo-se a um ataque militar contra manifestantes pr\u00f3-democracia ocorrido em Pequim em 1989.<\/p>\n\n\n\n<p>Trump disse que caso Pequim decida pelo uso da for\u00e7a, ser\u00e1 dif\u00edcil fechar um acordo comercial com a China. E indicou que o congresso americano poder\u00e1 tomar uma postura mais r\u00edgida em rela\u00e7\u00e3o ao pa\u00eds, estragando o ambiente das negocia\u00e7\u00f5es.<\/p>\n\n\n\n<p>Trump disse acreditar que o presidente chin\u00eas Xi Jinping ser\u00e1 capaz de resolver a quest\u00e3o por meio de conversas com os manifestantes.<\/p>\n\n\n\n<p>Ele disse que quer que a situa\u00e7\u00e3o em Hong Kong seja resolvida de forma humanit\u00e1ria, o que seria um desenvolvimento positivo para um acordo comercial.<\/p>\n\n\n\n<p>H\u00e1 expectativa de que Trump converse ao telefone com Xi Jinping em breve para pedir pela resolu\u00e7\u00e3o pac\u00edfica da situa\u00e7\u00e3o.<\/p>\n","protected":false},"excerpt":{"rendered":"<p>\u00a0O presidente americano Donald Trump indicou que as negocia\u00e7\u00f5es entre os Estados Unidos e a China podem ser afetadas caso Pequim fa\u00e7a uso de viol\u00eancia&hellip; <\/p>\n","protected":false},"author":1,"featured_media":110547,"comment_status":"closed","ping_status":"closed","sticky":false,"template":"","format":"standard","meta":{"sfsi_plus_gutenberg_text_before_share":"","sfsi_plus_gutenberg_show_text_before_share":"","sfsi_plus_gutenberg_icon_type":"","sfsi_plus_gutenberg_icon_alignemt":"","sfsi_plus_gutenburg_max_per_row":"","footnotes":""},"categories":[2],"tags":[],"class_list":["post-111055","post","type-post","status-publish","format-standard","has-post-thumbnail","hentry","category-geral"],"_links":{"self":[{"href":"https:\/\/www.caririemacao.com\/1\/wp-json\/wp\/v2\/posts\/111055","targetHints":{"allow":["GET"]}}],"collection":[{"href":"https:\/\/www.caririemacao.com\/1\/wp-json\/wp\/v2\/posts"}],"about":[{"href":"https:\/\/www.caririemacao.com\/1\/wp-json\/wp\/v2\/types\/post"}],"author":[{"embeddable":true,"href":"https:\/\/www.caririemacao.com\/1\/wp-json\/wp\/v2\/users\/1"}],"replies":[{"embeddable":true,"href":"https:\/\/www.caririemacao.com\/1\/wp-json\/wp\/v2\/comments?post=111055"}],"version-history":[{"count":1,"href":"https:\/\/www.caririemacao.com\/1\/wp-json\/wp\/v2\/posts\/111055\/revisions"}],"predecessor-version":[{"id":111056,"href":"https:\/\/www.caririemacao.com\/1\/wp-json\/wp\/v2\/posts\/111055\/revisions\/111056"}],"wp:featuredmedia":[{"embeddable":true,"href":"https:\/\/www.caririemacao.com\/1\/wp-json\/wp\/v2\/media\/110547"}],"wp:attachment":[{"href":"https:\/\/www.caririemacao.com\/1\/wp-json\/wp\/v2\/media?parent=111055"}],"wp:term":[{"taxonomy":"category","embeddable":true,"href":"https:\/\/www.caririemacao.com\/1\/wp-json\/wp\/v2\/categories?post=111055"},{"taxonomy":"post_tag","embeddable":true,"href":"https:\/\/www.caririemacao.com\/1\/wp-json\/wp\/v2\/tags?post=111055"}],"curies":[{"name":"wp","href":"https:\/\/api.w.org\/{rel}","templated":true}]}}