{"id":111065,"date":"2019-08-19T10:20:11","date_gmt":"2019-08-19T13:20:11","guid":{"rendered":"http:\/\/www.caririemacao.com\/1\/?p=111065"},"modified":"2019-08-19T10:20:11","modified_gmt":"2019-08-19T13:20:11","slug":"bolsonaro-nao-tem-votos-no-senado-fazer-do-filho-embaixador-em-washington","status":"publish","type":"post","link":"https:\/\/www.caririemacao.com\/1\/2019\/08\/19\/bolsonaro-nao-tem-votos-no-senado-fazer-do-filho-embaixador-em-washington\/","title":{"rendered":"Bolsonaro n\u00e3o tem votos no Senado fazer do filho embaixador em Washington"},"content":{"rendered":"\n<p><strong>247 \u2013<\/strong>\u00a0S\u00e3o remotas as chances de que Eduardo Bolsonaro se torne embaixador do Brasil nos Estados Unidos, segundo levantamento feito pelo jornal Estado de S. Paulo. &#8220;Hoje, ele n\u00e3o teria o m\u00ednimo de 41 votos no plen\u00e1rio do Senado para ser aprovado para o comando da representa\u00e7\u00e3o diplom\u00e1tica mais importante do Pa\u00eds no exterior&#8221;, aponta a\u00a0<a href=\"https:\/\/politica.estadao.com.br\/noticias\/geral,senado-resiste-a-nome-de-eduardo-bolsonaro-para-embaixada-nos-eua,70002973226\">reportagem<\/a>.Dos 81 senadores, 30 responderam que pretendem votar contra o nome do \u201cfilho 03\u201d do presidente, ante 15 que disseram ser a favor. Outros 35 n\u00e3o quiseram responder (28) ou se colocaram como indecisos (7). &#8220;Sem votos certos, Bolsonaro afirmou na semana passada que s\u00f3 ir\u00e1 oficializar a escolha quando Eduardo &#8216;sentir&#8217; que tem o apoio majorit\u00e1rio dos senadores&#8221;, apontam os jornalistas.<\/p>\n\n\n\n<p><\/p>\n","protected":false},"excerpt":{"rendered":"<p>247 \u2013\u00a0S\u00e3o remotas as chances de que Eduardo Bolsonaro se torne embaixador do Brasil nos Estados Unidos, segundo levantamento feito pelo jornal Estado de S.&hellip; <\/p>\n","protected":false},"author":1,"featured_media":80804,"comment_status":"closed","ping_status":"closed","sticky":false,"template":"","format":"standard","meta":{"sfsi_plus_gutenberg_text_before_share":"","sfsi_plus_gutenberg_show_text_before_share":"","sfsi_plus_gutenberg_icon_type":"","sfsi_plus_gutenberg_icon_alignemt":"","sfsi_plus_gutenburg_max_per_row":"","footnotes":""},"categories":[11],"tags":[],"class_list":["post-111065","post","type-post","status-publish","format-standard","has-post-thumbnail","hentry","category-politica"],"_links":{"self":[{"href":"https:\/\/www.caririemacao.com\/1\/wp-json\/wp\/v2\/posts\/111065","targetHints":{"allow":["GET"]}}],"collection":[{"href":"https:\/\/www.caririemacao.com\/1\/wp-json\/wp\/v2\/posts"}],"about":[{"href":"https:\/\/www.caririemacao.com\/1\/wp-json\/wp\/v2\/types\/post"}],"author":[{"embeddable":true,"href":"https:\/\/www.caririemacao.com\/1\/wp-json\/wp\/v2\/users\/1"}],"replies":[{"embeddable":true,"href":"https:\/\/www.caririemacao.com\/1\/wp-json\/wp\/v2\/comments?post=111065"}],"version-history":[{"count":1,"href":"https:\/\/www.caririemacao.com\/1\/wp-json\/wp\/v2\/posts\/111065\/revisions"}],"predecessor-version":[{"id":111066,"href":"https:\/\/www.caririemacao.com\/1\/wp-json\/wp\/v2\/posts\/111065\/revisions\/111066"}],"wp:featuredmedia":[{"embeddable":true,"href":"https:\/\/www.caririemacao.com\/1\/wp-json\/wp\/v2\/media\/80804"}],"wp:attachment":[{"href":"https:\/\/www.caririemacao.com\/1\/wp-json\/wp\/v2\/media?parent=111065"}],"wp:term":[{"taxonomy":"category","embeddable":true,"href":"https:\/\/www.caririemacao.com\/1\/wp-json\/wp\/v2\/categories?post=111065"},{"taxonomy":"post_tag","embeddable":true,"href":"https:\/\/www.caririemacao.com\/1\/wp-json\/wp\/v2\/tags?post=111065"}],"curies":[{"name":"wp","href":"https:\/\/api.w.org\/{rel}","templated":true}]}}