{"id":111077,"date":"2019-08-19T12:16:25","date_gmt":"2019-08-19T15:16:25","guid":{"rendered":"http:\/\/www.caririemacao.com\/1\/?p=111077"},"modified":"2019-08-19T12:16:25","modified_gmt":"2019-08-19T15:16:25","slug":"ufpb-aprova-criacao-de-disciplina-sobre-uso-medicinal-da-maconha-em-tres-cursos","status":"publish","type":"post","link":"https:\/\/www.caririemacao.com\/1\/2019\/08\/19\/ufpb-aprova-criacao-de-disciplina-sobre-uso-medicinal-da-maconha-em-tres-cursos\/","title":{"rendered":"UFPB aprova cria\u00e7\u00e3o de disciplina sobre uso medicinal da maconha em tr\u00eas cursos"},"content":{"rendered":"\n<p>O Conselho Superior de Ensino, Pesquisa e Extens\u00e3o (Consepe) da Universidade Federal da Para\u00edba (UFPB), aprovou a cria\u00e7\u00e3o da disciplina que trata do uso medicinal da maconha para os alunos dos cursos de Medicina, Biomedicina e Farm\u00e1cia.&nbsp;<\/p>\n\n\n\n<p>A reuni\u00e3o foi realizada na \u00faltima quinta-feira (15), e de&nbsp;acordo com a professora doutora Katy L\u00edsias Gondim Dias de Albuquerque, criadora da disciplina, a universidade \u00e9 a primeira&nbsp;federal do Brasil a tratar o tema nos tr\u00eas cursos.&nbsp;<\/p>\n\n\n\n<p>A professora disse ao G1 que faz parte do Departamento de Fisiologia e Patologia e a&nbsp;disciplina estar\u00e1 vinculada ao projeto pedag\u00f3gico do curso de biomedicina e vai ser ofertada pela primeira vez aos cursos de biomedicina, medicina e farm\u00e1cia no per\u00edodo 2019.2 e posteriormente aos demais cursos de gradua\u00e7\u00e3o da UFPB.<\/p>\n\n\n\n<p>A nova disciplina vai se chamar Sistema Endocanabinoide e Perspectivas Terap\u00eauticas da Cannabis Sativa e Seus Derivados e tem como principal objetivo introduzir conhecimentos&nbsp;sobre o Sistema Endocanabinoide e sua rela\u00e7\u00e3o com diversas doen\u00e7a.<\/p>\n\n\n\n<p>Katy disse que a disciplina tamb\u00e9m vai&nbsp;ampliar os estudos farmacol\u00f3gicos sobre os canabinoides, com \u00eanfase nas manifesta\u00e7\u00f5es cl\u00ednicas, tratamento e poss\u00edveis intera\u00e7\u00f5es medicamentosas.<\/p>\n\n\n\n<p>A professora acredita que essa iniciativa&nbsp;sirva de inspira\u00e7\u00e3o para outras universidades e que em um futuro muito pr\u00f3ximo esse tema fa\u00e7a parte do curr\u00edculo dos cursos da \u00e1rea de sa\u00fade de muitas institui\u00e7\u00f5es de forma semelhante ao que est\u00e1 sendo feito na UFPB.<\/p>\n","protected":false},"excerpt":{"rendered":"<p>O Conselho Superior de Ensino, Pesquisa e Extens\u00e3o (Consepe) da Universidade Federal da Para\u00edba (UFPB), aprovou a cria\u00e7\u00e3o da disciplina que trata do uso medicinal&hellip; <\/p>\n","protected":false},"author":1,"featured_media":107121,"comment_status":"closed","ping_status":"closed","sticky":false,"template":"","format":"standard","meta":{"sfsi_plus_gutenberg_text_before_share":"","sfsi_plus_gutenberg_show_text_before_share":"","sfsi_plus_gutenberg_icon_type":"","sfsi_plus_gutenberg_icon_alignemt":"","sfsi_plus_gutenburg_max_per_row":"","footnotes":""},"categories":[14],"tags":[],"class_list":["post-111077","post","type-post","status-publish","format-standard","has-post-thumbnail","hentry","category-educacao"],"_links":{"self":[{"href":"https:\/\/www.caririemacao.com\/1\/wp-json\/wp\/v2\/posts\/111077","targetHints":{"allow":["GET"]}}],"collection":[{"href":"https:\/\/www.caririemacao.com\/1\/wp-json\/wp\/v2\/posts"}],"about":[{"href":"https:\/\/www.caririemacao.com\/1\/wp-json\/wp\/v2\/types\/post"}],"author":[{"embeddable":true,"href":"https:\/\/www.caririemacao.com\/1\/wp-json\/wp\/v2\/users\/1"}],"replies":[{"embeddable":true,"href":"https:\/\/www.caririemacao.com\/1\/wp-json\/wp\/v2\/comments?post=111077"}],"version-history":[{"count":1,"href":"https:\/\/www.caririemacao.com\/1\/wp-json\/wp\/v2\/posts\/111077\/revisions"}],"predecessor-version":[{"id":111078,"href":"https:\/\/www.caririemacao.com\/1\/wp-json\/wp\/v2\/posts\/111077\/revisions\/111078"}],"wp:featuredmedia":[{"embeddable":true,"href":"https:\/\/www.caririemacao.com\/1\/wp-json\/wp\/v2\/media\/107121"}],"wp:attachment":[{"href":"https:\/\/www.caririemacao.com\/1\/wp-json\/wp\/v2\/media?parent=111077"}],"wp:term":[{"taxonomy":"category","embeddable":true,"href":"https:\/\/www.caririemacao.com\/1\/wp-json\/wp\/v2\/categories?post=111077"},{"taxonomy":"post_tag","embeddable":true,"href":"https:\/\/www.caririemacao.com\/1\/wp-json\/wp\/v2\/tags?post=111077"}],"curies":[{"name":"wp","href":"https:\/\/api.w.org\/{rel}","templated":true}]}}