{"id":111087,"date":"2019-08-19T14:18:59","date_gmt":"2019-08-19T17:18:59","guid":{"rendered":"http:\/\/www.caririemacao.com\/1\/?p=111087"},"modified":"2019-08-19T14:18:59","modified_gmt":"2019-08-19T17:18:59","slug":"sem-previsao-do-retorno-das-aguas-da-transposicao-cariri-sera-abastecido-pelo-acude-do-congo","status":"publish","type":"post","link":"https:\/\/www.caririemacao.com\/1\/2019\/08\/19\/sem-previsao-do-retorno-das-aguas-da-transposicao-cariri-sera-abastecido-pelo-acude-do-congo\/","title":{"rendered":"Sem previs\u00e3o do retorno das \u00e1guas da Transposi\u00e7\u00e3o, Cariri ser\u00e1 abastecido pelo a\u00e7ude do Congo"},"content":{"rendered":"\n<p>Sem a \u00e1gua da transposi\u00e7\u00e3o, as cidades da regi\u00e3o do Cariri paraibano que eram abastecidas por \u00e1gua captada no Rio Para\u00edba ser\u00e3o abastecidas atrav\u00e9s do a\u00e7ude de Cordeiros, no Congo, de acordo com informa\u00e7\u00e3o repassada pelo presidente da Ag\u00eancia Estadual de Gest\u00e3o das \u00c1guas (Aesa), Porf\u00edrio Cat\u00e3o. O a\u00e7ude teria capacidade para abastecer a popula\u00e7\u00e3o por quatro meses.<\/p>\n\n\n\n<p>O Minist\u00e9rio do Desenvolvimento Regional informou que a Transposi\u00e7\u00e3o passar\u00e1 por novas interven\u00e7\u00f5es estruturantes para garantir o funcionamento adequado da barragem. A medida \u00e9 preventiva e, portanto, a estrutura n\u00e3o apresenta risco de rompimento. N\u00e3o h\u00e1 uma previs\u00e3o de quando as \u00e1guas do eixo leste da transposi\u00e7\u00e3o retornar\u00e3o \u00e0 Para\u00edba.<\/p>\n\n\n\n<p>O cons\u00f3rcio supervisor da obra realiza estudo e per\u00edcia para identificar os ajustes t\u00e9cnicos necess\u00e1rios \u00e0 estrutura, bem como indicar a\u00e7\u00f5es preventivas e de reparo que dever\u00e3o ser realizadas.<\/p>\n","protected":false},"excerpt":{"rendered":"<p>Sem a \u00e1gua da transposi\u00e7\u00e3o, as cidades da regi\u00e3o do Cariri paraibano que eram abastecidas por \u00e1gua captada no Rio Para\u00edba ser\u00e3o abastecidas atrav\u00e9s do&hellip; <\/p>\n","protected":false},"author":1,"featured_media":111088,"comment_status":"closed","ping_status":"closed","sticky":false,"template":"","format":"standard","meta":{"sfsi_plus_gutenberg_text_before_share":"","sfsi_plus_gutenberg_show_text_before_share":"","sfsi_plus_gutenberg_icon_type":"","sfsi_plus_gutenberg_icon_alignemt":"","sfsi_plus_gutenburg_max_per_row":"","footnotes":""},"categories":[6],"tags":[],"class_list":["post-111087","post","type-post","status-publish","format-standard","has-post-thumbnail","hentry","category-cidades"],"_links":{"self":[{"href":"https:\/\/www.caririemacao.com\/1\/wp-json\/wp\/v2\/posts\/111087","targetHints":{"allow":["GET"]}}],"collection":[{"href":"https:\/\/www.caririemacao.com\/1\/wp-json\/wp\/v2\/posts"}],"about":[{"href":"https:\/\/www.caririemacao.com\/1\/wp-json\/wp\/v2\/types\/post"}],"author":[{"embeddable":true,"href":"https:\/\/www.caririemacao.com\/1\/wp-json\/wp\/v2\/users\/1"}],"replies":[{"embeddable":true,"href":"https:\/\/www.caririemacao.com\/1\/wp-json\/wp\/v2\/comments?post=111087"}],"version-history":[{"count":1,"href":"https:\/\/www.caririemacao.com\/1\/wp-json\/wp\/v2\/posts\/111087\/revisions"}],"predecessor-version":[{"id":111089,"href":"https:\/\/www.caririemacao.com\/1\/wp-json\/wp\/v2\/posts\/111087\/revisions\/111089"}],"wp:featuredmedia":[{"embeddable":true,"href":"https:\/\/www.caririemacao.com\/1\/wp-json\/wp\/v2\/media\/111088"}],"wp:attachment":[{"href":"https:\/\/www.caririemacao.com\/1\/wp-json\/wp\/v2\/media?parent=111087"}],"wp:term":[{"taxonomy":"category","embeddable":true,"href":"https:\/\/www.caririemacao.com\/1\/wp-json\/wp\/v2\/categories?post=111087"},{"taxonomy":"post_tag","embeddable":true,"href":"https:\/\/www.caririemacao.com\/1\/wp-json\/wp\/v2\/tags?post=111087"}],"curies":[{"name":"wp","href":"https:\/\/api.w.org\/{rel}","templated":true}]}}