{"id":111097,"date":"2019-08-19T14:31:53","date_gmt":"2019-08-19T17:31:53","guid":{"rendered":"http:\/\/www.caririemacao.com\/1\/?p=111097"},"modified":"2019-08-19T14:31:53","modified_gmt":"2019-08-19T17:31:53","slug":"prouni-2019-encerra-inscricao-para-bolsas-remanescentes-nesta-segunda","status":"publish","type":"post","link":"https:\/\/www.caririemacao.com\/1\/2019\/08\/19\/prouni-2019-encerra-inscricao-para-bolsas-remanescentes-nesta-segunda\/","title":{"rendered":"Prouni 2019 encerra inscri\u00e7\u00e3o para bolsas remanescentes nesta segunda"},"content":{"rendered":"\n<p><br>O Programa Universidade para Todos (Prouni) s\u00f3 aceitar\u00e1 inscri\u00e7\u00f5es para bolsas remanescentes at\u00e9 esta segunda-feira (19),&nbsp;<a href=\"http:\/\/siteprouni.mec.gov.br\/\">atrav\u00e9s do site<\/a>.&nbsp;O prazo refere-se a alunos que n\u00e3o est\u00e3o matriculados na institui\u00e7\u00e3o de ensino em que pleiteiam a bolsa de estudos.<\/p>\n\n\n\n<p>Para participar, \u00e9 necess\u00e1rio:<\/p>\n\n\n\n<ul class=\"wp-block-list\"><li>ser professor da rede p\u00fablica de ensino;<\/li><li>OU ter feito o Exame Nacional do Ensino M\u00e9dio (Enem) a partir de 2010, com nota superior a 450 pontos, desde que n\u00e3o tenha zerado na reda\u00e7\u00e3o.<\/li><\/ul>\n\n\n\n<p>Para aqueles que j\u00e1 est\u00e3o matriculados na universidade em que querem se inscrever, o prazo \u00e9 diferente: at\u00e9 30 de setembro.<br><\/p>\n\n\n\n<p><strong>Bolsas parciais e integrais<\/strong><\/p>\n\n\n\n<p>O Prouni oferece bolsas de estudo integrais e parciais em institui\u00e7\u00f5es privadas de ensino superior.<\/p>\n\n\n\n<p>Para concorrer \u00e0s integrais, o candidato deve ter renda familiar bruta mensal, por pessoa, de at\u00e9 um sal\u00e1rio m\u00ednimo e meio. J\u00e1 para as parciais, que cobrem 50% dos custos, a renda familiar bruta mensal deve ser de at\u00e9 tr\u00eas sal\u00e1rios m\u00ednimos por pessoa.<\/p>\n","protected":false},"excerpt":{"rendered":"<p>O Programa Universidade para Todos (Prouni) s\u00f3 aceitar\u00e1 inscri\u00e7\u00f5es para bolsas remanescentes at\u00e9 esta segunda-feira (19),&nbsp;atrav\u00e9s do site.&nbsp;O prazo refere-se a alunos que n\u00e3o est\u00e3o&hellip; <\/p>\n","protected":false},"author":1,"featured_media":39195,"comment_status":"closed","ping_status":"closed","sticky":false,"template":"","format":"standard","meta":{"sfsi_plus_gutenberg_text_before_share":"","sfsi_plus_gutenberg_show_text_before_share":"","sfsi_plus_gutenberg_icon_type":"","sfsi_plus_gutenberg_icon_alignemt":"","sfsi_plus_gutenburg_max_per_row":"","footnotes":""},"categories":[14],"tags":[],"class_list":["post-111097","post","type-post","status-publish","format-standard","has-post-thumbnail","hentry","category-educacao"],"_links":{"self":[{"href":"https:\/\/www.caririemacao.com\/1\/wp-json\/wp\/v2\/posts\/111097","targetHints":{"allow":["GET"]}}],"collection":[{"href":"https:\/\/www.caririemacao.com\/1\/wp-json\/wp\/v2\/posts"}],"about":[{"href":"https:\/\/www.caririemacao.com\/1\/wp-json\/wp\/v2\/types\/post"}],"author":[{"embeddable":true,"href":"https:\/\/www.caririemacao.com\/1\/wp-json\/wp\/v2\/users\/1"}],"replies":[{"embeddable":true,"href":"https:\/\/www.caririemacao.com\/1\/wp-json\/wp\/v2\/comments?post=111097"}],"version-history":[{"count":1,"href":"https:\/\/www.caririemacao.com\/1\/wp-json\/wp\/v2\/posts\/111097\/revisions"}],"predecessor-version":[{"id":111098,"href":"https:\/\/www.caririemacao.com\/1\/wp-json\/wp\/v2\/posts\/111097\/revisions\/111098"}],"wp:featuredmedia":[{"embeddable":true,"href":"https:\/\/www.caririemacao.com\/1\/wp-json\/wp\/v2\/media\/39195"}],"wp:attachment":[{"href":"https:\/\/www.caririemacao.com\/1\/wp-json\/wp\/v2\/media?parent=111097"}],"wp:term":[{"taxonomy":"category","embeddable":true,"href":"https:\/\/www.caririemacao.com\/1\/wp-json\/wp\/v2\/categories?post=111097"},{"taxonomy":"post_tag","embeddable":true,"href":"https:\/\/www.caririemacao.com\/1\/wp-json\/wp\/v2\/tags?post=111097"}],"curies":[{"name":"wp","href":"https:\/\/api.w.org\/{rel}","templated":true}]}}