{"id":111106,"date":"2019-08-19T14:43:36","date_gmt":"2019-08-19T17:43:36","guid":{"rendered":"http:\/\/www.caririemacao.com\/1\/?p=111106"},"modified":"2019-08-19T14:43:36","modified_gmt":"2019-08-19T17:43:36","slug":"presidente-do-psb-nega-intervencao-e-diz-que-partido-tem-espaco-pra-ricardo-e-joao","status":"publish","type":"post","link":"https:\/\/www.caririemacao.com\/1\/2019\/08\/19\/presidente-do-psb-nega-intervencao-e-diz-que-partido-tem-espaco-pra-ricardo-e-joao\/","title":{"rendered":"Presidente do PSB nega interven\u00e7\u00e3o e diz que partido tem espa\u00e7o pra Ricardo e Jo\u00e3o"},"content":{"rendered":"\n<p>O presidente nacional do PSB, Carlos Siqueira,\u00a0 comentou sobre a crise instaurada no partido ap\u00f3s nomea\u00e7\u00e3o de Edvaldo Rosas, que at\u00e9 ent\u00e3o comandava o partido na Para\u00edba, para ser\u00a0secret\u00e1rio de governo de Jo\u00e3o Azev\u00eado\u00a0(PSB).<\/p>\n\n\n\n<p>Ele foi destitu\u00eddo do cargo na \u00faltima sexta-feira, 16,&nbsp; por interven\u00e7\u00e3o do diret\u00f3rio nacional.<\/p>\n\n\n\n<p>Mas, em entrevista \u00e0 R\u00e1dio Arapuan FM nesta segunda-feira (19), Siqueira negou a interven\u00e7\u00e3o e disse que apenas recebeu uma lista com 51% dos filiados pedindo a sa\u00edda de Rosas.<\/p>\n\n\n\n<p>\u2013 O que eu tenho conhecimento e o que chegou para a minha mesa foi um encaminhamento de rela\u00e7\u00e3o de assinaturas com 51% dos filiados. Esse \u00e9 assunto interno da Para\u00edba, n\u00e3o acompanhei de perto. Conversei com o governador e com o ex-governador [Ricardo Coutinho]. Alguns blogs falaram em interven\u00e7\u00e3o e n\u00e3o houve interven\u00e7\u00e3o, porque n\u00e3o mexemos uma palha sequer pra que isso acontecesse \u2013 explicou.<\/p>\n\n\n\n<p>Ele frisou tamb\u00e9m que n\u00e3o acredita em racha na legenda pois \u00e9 um local que pode perfeitamente abrigar lideran\u00e7as como o atual governador Jo\u00e3o Azev\u00eado e o ex-gestor da Para\u00edba, Ricardo Coutinho.<\/p>\n\n\n\n<p>\u2013 A meu ver desconhe\u00e7o esse rompimento. O partido tem espa\u00e7o pra ambos atuarem com mandato, sem mandato. Portanto nosso esfor\u00e7o ser\u00e1 buscar uma sa\u00edda de consenso \u2013 revelou.<\/p>\n","protected":false},"excerpt":{"rendered":"<p>O presidente nacional do PSB, Carlos Siqueira,\u00a0 comentou sobre a crise instaurada no partido ap\u00f3s nomea\u00e7\u00e3o de Edvaldo Rosas, que at\u00e9 ent\u00e3o comandava o partido&hellip; <\/p>\n","protected":false},"author":1,"featured_media":111107,"comment_status":"closed","ping_status":"closed","sticky":false,"template":"","format":"standard","meta":{"sfsi_plus_gutenberg_text_before_share":"","sfsi_plus_gutenberg_show_text_before_share":"","sfsi_plus_gutenberg_icon_type":"","sfsi_plus_gutenberg_icon_alignemt":"","sfsi_plus_gutenburg_max_per_row":"","footnotes":""},"categories":[11],"tags":[],"class_list":["post-111106","post","type-post","status-publish","format-standard","has-post-thumbnail","hentry","category-politica"],"_links":{"self":[{"href":"https:\/\/www.caririemacao.com\/1\/wp-json\/wp\/v2\/posts\/111106","targetHints":{"allow":["GET"]}}],"collection":[{"href":"https:\/\/www.caririemacao.com\/1\/wp-json\/wp\/v2\/posts"}],"about":[{"href":"https:\/\/www.caririemacao.com\/1\/wp-json\/wp\/v2\/types\/post"}],"author":[{"embeddable":true,"href":"https:\/\/www.caririemacao.com\/1\/wp-json\/wp\/v2\/users\/1"}],"replies":[{"embeddable":true,"href":"https:\/\/www.caririemacao.com\/1\/wp-json\/wp\/v2\/comments?post=111106"}],"version-history":[{"count":1,"href":"https:\/\/www.caririemacao.com\/1\/wp-json\/wp\/v2\/posts\/111106\/revisions"}],"predecessor-version":[{"id":111108,"href":"https:\/\/www.caririemacao.com\/1\/wp-json\/wp\/v2\/posts\/111106\/revisions\/111108"}],"wp:featuredmedia":[{"embeddable":true,"href":"https:\/\/www.caririemacao.com\/1\/wp-json\/wp\/v2\/media\/111107"}],"wp:attachment":[{"href":"https:\/\/www.caririemacao.com\/1\/wp-json\/wp\/v2\/media?parent=111106"}],"wp:term":[{"taxonomy":"category","embeddable":true,"href":"https:\/\/www.caririemacao.com\/1\/wp-json\/wp\/v2\/categories?post=111106"},{"taxonomy":"post_tag","embeddable":true,"href":"https:\/\/www.caririemacao.com\/1\/wp-json\/wp\/v2\/tags?post=111106"}],"curies":[{"name":"wp","href":"https:\/\/api.w.org\/{rel}","templated":true}]}}