{"id":111123,"date":"2019-08-19T16:25:24","date_gmt":"2019-08-19T19:25:24","guid":{"rendered":"http:\/\/www.caririemacao.com\/1\/?p=111123"},"modified":"2019-08-19T16:25:24","modified_gmt":"2019-08-19T19:25:24","slug":"aesa-estuda-diminuir-ou-suspender-a-vazao-do-acude-de-boqueirao-para-acaua","status":"publish","type":"post","link":"https:\/\/www.caririemacao.com\/1\/2019\/08\/19\/aesa-estuda-diminuir-ou-suspender-a-vazao-do-acude-de-boqueirao-para-acaua\/","title":{"rendered":"Aesa estuda diminuir ou suspender a vaz\u00e3o do A\u00e7ude de Boqueir\u00e3o para Acau\u00e3"},"content":{"rendered":"\n<p>A Ag\u00eancia Estadual de Gest\u00e3o das \u00c1guas (Aesa) estuda diminuir ou suspender a vaz\u00e3o do A\u00e7ude de Boqueir\u00e3o para Acau\u00e3 ap\u00f3s o Minist\u00e9rio do Desenvolvimento Regional comunicar paralisa\u00e7\u00e3o do bombeamento no Eixo Leste. A decis\u00e3o ocorreu depois que equipamentos de monitoramento da Transposi\u00e7\u00e3o emitiram alerta durante a fase final de enchimento da barragem Cacimba Nova, em Cust\u00f3dia (PE).<\/p>\n\n\n\n<p>De acordo com o presidente da Aesa, Porf\u00edrio Cat\u00e3o, hoje com 22,08% de capacidade, Boqueir\u00e3o garante o abastecimento at\u00e9 o pr\u00f3ximo per\u00edodo chuvoso para Campina Grande, mais 18 cidades e um distrito.<\/p>\n\n\n\n<p>Entretanto, segundo ele, a falta da \u00e1gua da transposi\u00e7\u00e3o pode obrigar a cortar o repasse para Acau\u00e3, que apresenta apenas 12% de sua capacidade, e abastece cerca de 110 mil pessoas em munic\u00edpios do Vale do Para\u00edba. Esse seria um dos casos mais preocupantes.<\/p>\n\n\n\n<p>Sem a \u00e1gua da transposi\u00e7\u00e3o, outras cidades do Cariri paraibano que eram abastecidas por \u00e1gua captada no Rio Para\u00edba, de acordo com Porf\u00edrio Cat\u00e3o, ser\u00e3o abastecidas atrav\u00e9s do a\u00e7ude de Cordeiros, no Congo. O a\u00e7ude teria capacidade para abastecer a popula\u00e7\u00e3o por quatro meses.<\/p>\n\n\n\n<p>O MDR informou que a Transposi\u00e7\u00e3o passar\u00e1 por novas interven\u00e7\u00f5es estruturantes para garantir o funcionamento adequado da barragem. A medida \u00e9 preventiva e, portanto, a estrutura n\u00e3o apresenta risco de rompimento.<\/p>\n\n\n\n<p>O cons\u00f3rcio supervisor da obra realiza estudo e per\u00edcia para identificar os ajustes t\u00e9cnicos necess\u00e1rios \u00e0 estrutura, bem como indicar a\u00e7\u00f5es preventivas e de reparo que dever\u00e3o ser realizadas.<\/p>\n","protected":false},"excerpt":{"rendered":"<p>A Ag\u00eancia Estadual de Gest\u00e3o das \u00c1guas (Aesa) estuda diminuir ou suspender a vaz\u00e3o do A\u00e7ude de Boqueir\u00e3o para Acau\u00e3 ap\u00f3s o Minist\u00e9rio do Desenvolvimento&hellip; <\/p>\n","protected":false},"author":1,"featured_media":111124,"comment_status":"closed","ping_status":"closed","sticky":false,"template":"","format":"standard","meta":{"sfsi_plus_gutenberg_text_before_share":"","sfsi_plus_gutenberg_show_text_before_share":"","sfsi_plus_gutenberg_icon_type":"","sfsi_plus_gutenberg_icon_alignemt":"","sfsi_plus_gutenburg_max_per_row":"","footnotes":""},"categories":[2],"tags":[],"class_list":["post-111123","post","type-post","status-publish","format-standard","has-post-thumbnail","hentry","category-geral"],"_links":{"self":[{"href":"https:\/\/www.caririemacao.com\/1\/wp-json\/wp\/v2\/posts\/111123","targetHints":{"allow":["GET"]}}],"collection":[{"href":"https:\/\/www.caririemacao.com\/1\/wp-json\/wp\/v2\/posts"}],"about":[{"href":"https:\/\/www.caririemacao.com\/1\/wp-json\/wp\/v2\/types\/post"}],"author":[{"embeddable":true,"href":"https:\/\/www.caririemacao.com\/1\/wp-json\/wp\/v2\/users\/1"}],"replies":[{"embeddable":true,"href":"https:\/\/www.caririemacao.com\/1\/wp-json\/wp\/v2\/comments?post=111123"}],"version-history":[{"count":1,"href":"https:\/\/www.caririemacao.com\/1\/wp-json\/wp\/v2\/posts\/111123\/revisions"}],"predecessor-version":[{"id":111125,"href":"https:\/\/www.caririemacao.com\/1\/wp-json\/wp\/v2\/posts\/111123\/revisions\/111125"}],"wp:featuredmedia":[{"embeddable":true,"href":"https:\/\/www.caririemacao.com\/1\/wp-json\/wp\/v2\/media\/111124"}],"wp:attachment":[{"href":"https:\/\/www.caririemacao.com\/1\/wp-json\/wp\/v2\/media?parent=111123"}],"wp:term":[{"taxonomy":"category","embeddable":true,"href":"https:\/\/www.caririemacao.com\/1\/wp-json\/wp\/v2\/categories?post=111123"},{"taxonomy":"post_tag","embeddable":true,"href":"https:\/\/www.caririemacao.com\/1\/wp-json\/wp\/v2\/tags?post=111123"}],"curies":[{"name":"wp","href":"https:\/\/api.w.org\/{rel}","templated":true}]}}