{"id":111130,"date":"2019-08-19T17:08:05","date_gmt":"2019-08-19T20:08:05","guid":{"rendered":"http:\/\/www.caririemacao.com\/1\/?p=111130"},"modified":"2019-08-19T17:08:05","modified_gmt":"2019-08-19T20:08:05","slug":"luan-santana-sofre-acidente-a-caminho-de-show-em-mato-grosso","status":"publish","type":"post","link":"https:\/\/www.caririemacao.com\/1\/2019\/08\/19\/luan-santana-sofre-acidente-a-caminho-de-show-em-mato-grosso\/","title":{"rendered":"Luan Santana sofre acidente a caminho de show em Mato Grosso"},"content":{"rendered":"\n<p>O cantor Luan Santana e parte de sua equipe se envolveram um acidente, no s\u00e1bado (17), a caminho de um show em Mato Grosso. A van que levava o artista bateu contra uma caminhonete.<\/p>\n\n\n\n<p>O motorista da Amarok fraturou tr\u00eas costelas e foi levado de ambul\u00e2ncia para o hospital. Apesar do susto, Luan n\u00e3o teve nenhum arranh\u00e3o. O show no Parque de Exposi\u00e7\u00f5es de Juara tamb\u00e9m foi mantido.<\/p>\n\n\n\n<p>Nesta segunda-feira (19), Luan participa de um ensaio para o Crian\u00e7a Esperan\u00e7a e segue normalmente com sua agenda. O motorista da Amarok j\u00e1 foi liberado do hospital.<\/p>\n\n\n\n<h3 class=\"wp-block-heading\">Veja fotos do acidente<\/h3>\n\n\n\n<div class=\"wp-block-image\"><figure class=\"aligncenter\"><img decoding=\"async\" data-src=\"https:\/\/paraibaja.com.br\/wp-content\/uploads\/2019\/08\/acidente-luan-santana.jpg\" alt=\"\" class=\"wp-image-155122 lazyload\" src=\"data:image\/svg+xml;base64,PHN2ZyB3aWR0aD0iMSIgaGVpZ2h0PSIxIiB4bWxucz0iaHR0cDovL3d3dy53My5vcmcvMjAwMC9zdmciPjwvc3ZnPg==\" \/><\/figure><\/div>\n\n\n\n<figure class=\"wp-block-image\"><img decoding=\"async\" data-src=\"https:\/\/pnoticias.com.br\/fotos\/ba_noticias\/227295\/IMAGEM_NOTICIA_1.jpg\" alt=\"Resultado de imagem para acidente luan santana mato grosso\" src=\"data:image\/svg+xml;base64,PHN2ZyB3aWR0aD0iMSIgaGVpZ2h0PSIxIiB4bWxucz0iaHR0cDovL3d3dy53My5vcmcvMjAwMC9zdmciPjwvc3ZnPg==\" class=\"lazyload\" \/><\/figure>\n","protected":false},"excerpt":{"rendered":"<p>O cantor Luan Santana e parte de sua equipe se envolveram um acidente, no s\u00e1bado (17), a caminho de um show em Mato Grosso. A&hellip; <\/p>\n","protected":false},"author":1,"featured_media":111131,"comment_status":"closed","ping_status":"closed","sticky":false,"template":"","format":"standard","meta":{"sfsi_plus_gutenberg_text_before_share":"","sfsi_plus_gutenberg_show_text_before_share":"","sfsi_plus_gutenberg_icon_type":"","sfsi_plus_gutenberg_icon_alignemt":"","sfsi_plus_gutenburg_max_per_row":"","footnotes":""},"categories":[2],"tags":[],"class_list":["post-111130","post","type-post","status-publish","format-standard","has-post-thumbnail","hentry","category-geral"],"_links":{"self":[{"href":"https:\/\/www.caririemacao.com\/1\/wp-json\/wp\/v2\/posts\/111130","targetHints":{"allow":["GET"]}}],"collection":[{"href":"https:\/\/www.caririemacao.com\/1\/wp-json\/wp\/v2\/posts"}],"about":[{"href":"https:\/\/www.caririemacao.com\/1\/wp-json\/wp\/v2\/types\/post"}],"author":[{"embeddable":true,"href":"https:\/\/www.caririemacao.com\/1\/wp-json\/wp\/v2\/users\/1"}],"replies":[{"embeddable":true,"href":"https:\/\/www.caririemacao.com\/1\/wp-json\/wp\/v2\/comments?post=111130"}],"version-history":[{"count":1,"href":"https:\/\/www.caririemacao.com\/1\/wp-json\/wp\/v2\/posts\/111130\/revisions"}],"predecessor-version":[{"id":111132,"href":"https:\/\/www.caririemacao.com\/1\/wp-json\/wp\/v2\/posts\/111130\/revisions\/111132"}],"wp:featuredmedia":[{"embeddable":true,"href":"https:\/\/www.caririemacao.com\/1\/wp-json\/wp\/v2\/media\/111131"}],"wp:attachment":[{"href":"https:\/\/www.caririemacao.com\/1\/wp-json\/wp\/v2\/media?parent=111130"}],"wp:term":[{"taxonomy":"category","embeddable":true,"href":"https:\/\/www.caririemacao.com\/1\/wp-json\/wp\/v2\/categories?post=111130"},{"taxonomy":"post_tag","embeddable":true,"href":"https:\/\/www.caririemacao.com\/1\/wp-json\/wp\/v2\/tags?post=111130"}],"curies":[{"name":"wp","href":"https:\/\/api.w.org\/{rel}","templated":true}]}}