{"id":111136,"date":"2019-08-19T17:38:15","date_gmt":"2019-08-19T20:38:15","guid":{"rendered":"http:\/\/www.caririemacao.com\/1\/?p=111136"},"modified":"2019-08-19T17:38:15","modified_gmt":"2019-08-19T20:38:15","slug":"cameras-flagram-invasor-que-furtou-computador-no-escritorio-de-ricardo-coutinho-em-jp","status":"publish","type":"post","link":"https:\/\/www.caririemacao.com\/1\/2019\/08\/19\/cameras-flagram-invasor-que-furtou-computador-no-escritorio-de-ricardo-coutinho-em-jp\/","title":{"rendered":"C\u00e2meras flagram invasor que furtou computador no escrit\u00f3rio de Ricardo Coutinho, em JP"},"content":{"rendered":"\n<p>Um v\u00eddeo com imagens de c\u00e2meras de seguran\u00e7a mostra o momento em que o escrit\u00f3rio o ex-governador Ricardo Coutinho (PSB) foi invadido na madrugada da \u00faltima sexta-feira (16). No registro, um homem magro, alto e encapuzado aparece pulando um muro com uma mochila e depois andando com uma lanterna pela recep\u00e7\u00e3o.<\/p>\n\n\n\n<p>O escrit\u00f3rio fica localizado no Bairro dos Estados e, na a\u00e7\u00e3o criminosa, o homem levou um computador do ex-governador, uma impressora e uma m\u00e1quina de caf\u00e9. A Pol\u00edcia Civil investiga o caso e abriu inqu\u00e9rito para os trabalhos de apura\u00e7\u00e3o do crime.<\/p>\n\n\n\n<figure><iframe width=\"853\" height=\"480\" data-src=\"https:\/\/www.youtube.com\/embed\/12vYmc073p8\" allowfullscreen=\"\" src=\"data:image\/svg+xml;base64,PHN2ZyB3aWR0aD0iMSIgaGVpZ2h0PSIxIiB4bWxucz0iaHR0cDovL3d3dy53My5vcmcvMjAwMC9zdmciPjwvc3ZnPg==\" class=\"lazyload\" data-load-mode=\"1\"><\/iframe><\/figure>\n\n\n\n<figure><iframe width=\"853\" height=\"480\" data-src=\"https:\/\/www.youtube.com\/embed\/ycH6bhLATIw\" allowfullscreen=\"\" src=\"data:image\/svg+xml;base64,PHN2ZyB3aWR0aD0iMSIgaGVpZ2h0PSIxIiB4bWxucz0iaHR0cDovL3d3dy53My5vcmcvMjAwMC9zdmciPjwvc3ZnPg==\" class=\"lazyload\" data-load-mode=\"1\"><\/iframe><\/figure>\n","protected":false},"excerpt":{"rendered":"<p>Um v\u00eddeo com imagens de c\u00e2meras de seguran\u00e7a mostra o momento em que o escrit\u00f3rio o ex-governador Ricardo Coutinho (PSB) foi invadido na madrugada da&hellip; <\/p>\n","protected":false},"author":1,"featured_media":111137,"comment_status":"closed","ping_status":"closed","sticky":false,"template":"","format":"standard","meta":{"sfsi_plus_gutenberg_text_before_share":"","sfsi_plus_gutenberg_show_text_before_share":"","sfsi_plus_gutenberg_icon_type":"","sfsi_plus_gutenberg_icon_alignemt":"","sfsi_plus_gutenburg_max_per_row":"","footnotes":""},"categories":[12],"tags":[],"class_list":["post-111136","post","type-post","status-publish","format-standard","has-post-thumbnail","hentry","category-policia"],"_links":{"self":[{"href":"https:\/\/www.caririemacao.com\/1\/wp-json\/wp\/v2\/posts\/111136","targetHints":{"allow":["GET"]}}],"collection":[{"href":"https:\/\/www.caririemacao.com\/1\/wp-json\/wp\/v2\/posts"}],"about":[{"href":"https:\/\/www.caririemacao.com\/1\/wp-json\/wp\/v2\/types\/post"}],"author":[{"embeddable":true,"href":"https:\/\/www.caririemacao.com\/1\/wp-json\/wp\/v2\/users\/1"}],"replies":[{"embeddable":true,"href":"https:\/\/www.caririemacao.com\/1\/wp-json\/wp\/v2\/comments?post=111136"}],"version-history":[{"count":1,"href":"https:\/\/www.caririemacao.com\/1\/wp-json\/wp\/v2\/posts\/111136\/revisions"}],"predecessor-version":[{"id":111138,"href":"https:\/\/www.caririemacao.com\/1\/wp-json\/wp\/v2\/posts\/111136\/revisions\/111138"}],"wp:featuredmedia":[{"embeddable":true,"href":"https:\/\/www.caririemacao.com\/1\/wp-json\/wp\/v2\/media\/111137"}],"wp:attachment":[{"href":"https:\/\/www.caririemacao.com\/1\/wp-json\/wp\/v2\/media?parent=111136"}],"wp:term":[{"taxonomy":"category","embeddable":true,"href":"https:\/\/www.caririemacao.com\/1\/wp-json\/wp\/v2\/categories?post=111136"},{"taxonomy":"post_tag","embeddable":true,"href":"https:\/\/www.caririemacao.com\/1\/wp-json\/wp\/v2\/tags?post=111136"}],"curies":[{"name":"wp","href":"https:\/\/api.w.org\/{rel}","templated":true}]}}