{"id":111166,"date":"2019-08-20T06:19:56","date_gmt":"2019-08-20T09:19:56","guid":{"rendered":"http:\/\/www.caririemacao.com\/1\/?p=111166"},"modified":"2019-08-20T06:19:56","modified_gmt":"2019-08-20T09:19:56","slug":"odio-historico-entre-bolsonaro-e-familia-rego-se-acentua-agora-com-processos-que-vitalzinho-vai-relatar-no-tcu","status":"publish","type":"post","link":"https:\/\/www.caririemacao.com\/1\/2019\/08\/20\/odio-historico-entre-bolsonaro-e-familia-rego-se-acentua-agora-com-processos-que-vitalzinho-vai-relatar-no-tcu\/","title":{"rendered":"\u00d3dio hist\u00f3rico entre Bolsonaro e fam\u00edlia Rego se acentua agora com processos que Vitalzinho vai relatar no TCU"},"content":{"rendered":"\n<p>O \u00f3dio hist\u00f3rico \u2013 e rec\u00edproco \u2013 do Presidente Jair Bolsonaro \u00e0 fam\u00edlia Rego, nascido d\u00e9cadas atr\u00e1s quando o patriarca Antonio Vital do Rego na condi\u00e7\u00e3o de Corregedor Geral da C\u00e2mara dos Deputados tentou enquadrar o capit\u00e3o ganhou agora mais um ingrediente, a ser manuseado pelo ministro do Tribunal de Contas da Uni\u00e3o, Vital do Rego Filho.<\/p>\n\n\n\n<p>Ontem (18) o jornal \u2018O Globo\u2019 publicou informa\u00e7\u00e3o de que chegaram ao gabinete do ministro paraibano no TCU dois problemas em potencial para o Presidente.<\/p>\n\n\n\n<p>Segundo a publica\u00e7\u00e3o, o Minist\u00e9rio P\u00fablico pediu a abertura de um processo para investigar o uso de aeronaves da FAB por integrantes do governo. No final de maio, um helic\u00f3ptero da Presid\u00eancia da Rep\u00fablica foi destacado para transportar convidados ao casamento de Eduardo, no Rio de Janeiro. O pai do noivo, por incr\u00edvel que pare\u00e7a, j\u00e1 disse que n\u00e3o v\u00ea problema algum nisso.<\/p>\n\n\n\n<p>Outro procedimento, com menos chance de prosperar, vai apurar a prov\u00e1vel ida do filho 03 do Presidente para assumir a embaixada de Washington.<\/p>\n\n\n\n<p>HIST\u00d3RIA<\/p>\n\n\n\n<p>Vital do Rego (PAI) era procurador da C\u00e2mara Federal quando o seu colega Jair Bolsonaro em discurso violento defendeu o fechamento do Congresso, fato que levou a procuradoria a pedir a cassa\u00e7\u00e3o do mandato do hoje Presidente da Rep\u00fablica.<\/p>\n\n\n\n<p>Foi o bastante para o lado amea\u00e7ador do capit\u00e3o aparecer e, segundo \u00e0 \u00e9poca publicou a \u2018Folha de S\u00e3o Paulo\u2019, que j\u00e1 naquele tempo denunciava os desacertos de Bolsonaro, Vital passou a ser amea\u00e7ado de morte. Uma dessas amea\u00e7as avisava ao parlamentar paraibano que o capit\u00e3o teria \u201cprote\u00e7\u00e3o competente e organizada\u201d.<\/p>\n\n\n\n<p>Agora, o Presidente da Rep\u00fablica passa a sofrer a investida dos dois filhos de Vital: Veneziano no Senado, que lhe faz cerrada oposi\u00e7\u00e3o; e Vitalzinho no TCU.<\/p>\n","protected":false},"excerpt":{"rendered":"<p>O \u00f3dio hist\u00f3rico \u2013 e rec\u00edproco \u2013 do Presidente Jair Bolsonaro \u00e0 fam\u00edlia Rego, nascido d\u00e9cadas atr\u00e1s quando o patriarca Antonio Vital do Rego na&hellip; <\/p>\n","protected":false},"author":1,"featured_media":111167,"comment_status":"closed","ping_status":"closed","sticky":false,"template":"","format":"standard","meta":{"sfsi_plus_gutenberg_text_before_share":"","sfsi_plus_gutenberg_show_text_before_share":"","sfsi_plus_gutenberg_icon_type":"","sfsi_plus_gutenberg_icon_alignemt":"","sfsi_plus_gutenburg_max_per_row":"","footnotes":""},"categories":[11],"tags":[],"class_list":["post-111166","post","type-post","status-publish","format-standard","has-post-thumbnail","hentry","category-politica"],"_links":{"self":[{"href":"https:\/\/www.caririemacao.com\/1\/wp-json\/wp\/v2\/posts\/111166","targetHints":{"allow":["GET"]}}],"collection":[{"href":"https:\/\/www.caririemacao.com\/1\/wp-json\/wp\/v2\/posts"}],"about":[{"href":"https:\/\/www.caririemacao.com\/1\/wp-json\/wp\/v2\/types\/post"}],"author":[{"embeddable":true,"href":"https:\/\/www.caririemacao.com\/1\/wp-json\/wp\/v2\/users\/1"}],"replies":[{"embeddable":true,"href":"https:\/\/www.caririemacao.com\/1\/wp-json\/wp\/v2\/comments?post=111166"}],"version-history":[{"count":1,"href":"https:\/\/www.caririemacao.com\/1\/wp-json\/wp\/v2\/posts\/111166\/revisions"}],"predecessor-version":[{"id":111168,"href":"https:\/\/www.caririemacao.com\/1\/wp-json\/wp\/v2\/posts\/111166\/revisions\/111168"}],"wp:featuredmedia":[{"embeddable":true,"href":"https:\/\/www.caririemacao.com\/1\/wp-json\/wp\/v2\/media\/111167"}],"wp:attachment":[{"href":"https:\/\/www.caririemacao.com\/1\/wp-json\/wp\/v2\/media?parent=111166"}],"wp:term":[{"taxonomy":"category","embeddable":true,"href":"https:\/\/www.caririemacao.com\/1\/wp-json\/wp\/v2\/categories?post=111166"},{"taxonomy":"post_tag","embeddable":true,"href":"https:\/\/www.caririemacao.com\/1\/wp-json\/wp\/v2\/tags?post=111166"}],"curies":[{"name":"wp","href":"https:\/\/api.w.org\/{rel}","templated":true}]}}