{"id":111178,"date":"2019-08-20T06:28:37","date_gmt":"2019-08-20T09:28:37","guid":{"rendered":"http:\/\/www.caririemacao.com\/1\/?p=111178"},"modified":"2019-08-20T06:28:37","modified_gmt":"2019-08-20T09:28:37","slug":"caraubas-e-inserida-mais-um-vez-no-mapa-do-turismo-do-brasil","status":"publish","type":"post","link":"https:\/\/www.caririemacao.com\/1\/2019\/08\/20\/caraubas-e-inserida-mais-um-vez-no-mapa-do-turismo-do-brasil\/","title":{"rendered":"Cara\u00fabas \u00e9 inserida mais um vez no mapa do turismo do Brasil"},"content":{"rendered":"\n<p><\/p>\n\n\n\n<p>A Prefeitura Municipal de Cara\u00fabas atrav\u00e9s da Secretaria do Turismo, da Cultura, do Desporto e do Lazer recebeu na tarde desta segunda-feira, dia 19 de Agosto a not\u00edcia da sua inclus\u00e3o pelo segundo ano consecutivo no Mapa do Turismo do Brasil, programa diretamente ligado ao Minist\u00e9rio do Turismo e da Secretaria Executiva de Turismo do Estado da Para\u00edba.<br>\nO Mapa \u00e9 o instrumento institu\u00eddo no \u00e2mbito do Programa de Regionaliza\u00e7\u00e3o do Turismo que orienta a atua\u00e7\u00e3o do Minist\u00e9rio do Turismo no desenvolvimento das pol\u00edticas p\u00fablicas. \u00c9 o Mapa do Turismo Brasileiro que define a \u00e1rea &#8211; o recorte territorial &#8211; que deve ser trabalhada prioritariamente pelo Minist\u00e9rio. Ele \u00e9 atualizado bienalmente, e sua \u00faltima vers\u00e3o, de 2017, conta com 3.285 munic\u00edpios, dividido em 328 regi\u00f5es tur\u00edsticas. Os munic\u00edpios que o comp\u00f5em foram indicados pelos \u00f3rg\u00e3os estaduais de turismo em conjunto com as inst\u00e2ncias de governan\u00e7a regional, a partir de crit\u00e9rios constru\u00eddos em conjunto com Minist\u00e9rio do Turismo.<br>\nA secret\u00e1ria do Turismo, Silvana Myllena, comemorou bastante essa inclus\u00e3o por saber da luta que foi para conseguir permanecer na categoria E do Mapa Tur\u00edstico do Brasil. Quero aqui agradecer \u00e0 Deus primeiramente e depois a grande colabora\u00e7\u00e3o da SEPLACOM \u2013 Secretaria do Planejamento, Comunica\u00e7\u00e3o e Gest\u00e3o na pessoa do jornalista Eduardo Belo, titular da pasta, que sempre nos orientou a buscar o caminho certo a ser trilhado, afirmou ela.<br>\nEm 2017, conseguimos entrar pela primeira vez no Mapa do Turismo do Brasil e gra\u00e7as a essa inser\u00e7\u00e3o Cara\u00fabas est\u00e1 sendo contemplada com recursos do Minist\u00e9rio do Turismo para a infraestrutura tur\u00edstica. Estamos com mais de 60% das obras dos portais de acesso a cidade conclu\u00edda, iniciamos a Reforma do Mercado P\u00fablico e iniciaremos em breve a obra do Balne\u00e1rio Cangati, todas com recursos oriundos do Turismo, disse Myllena.<br>\nSegunda ela, ainda precisamos avan\u00e7ar muito em outras \u00e1reas, principalmente, no com\u00e9rcio, transporte e setor hoteleiro. Mas j\u00e1 iniciamos esse processo em parceria com outras secretarias, a exemplo da pr\u00f3pria SEPLACOM, da Assist\u00eancia Social, da sa\u00fade e de Obras P\u00fablicas e Servi\u00e7os Urbanos. N\u00e3o tenho d\u00favida que iremos fomentar o processo de gera\u00e7\u00e3o de emprego e renda e melhorar a infraestrutura de Cara\u00fabas para recebermos bem o turista, concluiu ela.<\/p>\n\n\n\n<p>Fonte: SEPLACOM<br>\nFoto: ARQUIVO SEPLACOM<\/p>\n","protected":false},"excerpt":{"rendered":"<p>A Prefeitura Municipal de Cara\u00fabas atrav\u00e9s da Secretaria do Turismo, da Cultura, do Desporto e do Lazer recebeu na tarde desta segunda-feira, dia 19 de&hellip; <\/p>\n","protected":false},"author":1,"featured_media":111179,"comment_status":"closed","ping_status":"closed","sticky":false,"template":"","format":"standard","meta":{"sfsi_plus_gutenberg_text_before_share":"","sfsi_plus_gutenberg_show_text_before_share":"","sfsi_plus_gutenberg_icon_type":"","sfsi_plus_gutenberg_icon_alignemt":"","sfsi_plus_gutenburg_max_per_row":"","footnotes":""},"categories":[6],"tags":[],"class_list":["post-111178","post","type-post","status-publish","format-standard","has-post-thumbnail","hentry","category-cidades"],"_links":{"self":[{"href":"https:\/\/www.caririemacao.com\/1\/wp-json\/wp\/v2\/posts\/111178","targetHints":{"allow":["GET"]}}],"collection":[{"href":"https:\/\/www.caririemacao.com\/1\/wp-json\/wp\/v2\/posts"}],"about":[{"href":"https:\/\/www.caririemacao.com\/1\/wp-json\/wp\/v2\/types\/post"}],"author":[{"embeddable":true,"href":"https:\/\/www.caririemacao.com\/1\/wp-json\/wp\/v2\/users\/1"}],"replies":[{"embeddable":true,"href":"https:\/\/www.caririemacao.com\/1\/wp-json\/wp\/v2\/comments?post=111178"}],"version-history":[{"count":1,"href":"https:\/\/www.caririemacao.com\/1\/wp-json\/wp\/v2\/posts\/111178\/revisions"}],"predecessor-version":[{"id":111180,"href":"https:\/\/www.caririemacao.com\/1\/wp-json\/wp\/v2\/posts\/111178\/revisions\/111180"}],"wp:featuredmedia":[{"embeddable":true,"href":"https:\/\/www.caririemacao.com\/1\/wp-json\/wp\/v2\/media\/111179"}],"wp:attachment":[{"href":"https:\/\/www.caririemacao.com\/1\/wp-json\/wp\/v2\/media?parent=111178"}],"wp:term":[{"taxonomy":"category","embeddable":true,"href":"https:\/\/www.caririemacao.com\/1\/wp-json\/wp\/v2\/categories?post=111178"},{"taxonomy":"post_tag","embeddable":true,"href":"https:\/\/www.caririemacao.com\/1\/wp-json\/wp\/v2\/tags?post=111178"}],"curies":[{"name":"wp","href":"https:\/\/api.w.org\/{rel}","templated":true}]}}