{"id":111183,"date":"2019-08-20T06:33:53","date_gmt":"2019-08-20T09:33:53","guid":{"rendered":"http:\/\/www.caririemacao.com\/1\/?p=111183"},"modified":"2019-08-20T06:33:53","modified_gmt":"2019-08-20T09:33:53","slug":"verba-para-emitir-cpf-e-restituicoes-do-ir-acaba-ainda-este-mes","status":"publish","type":"post","link":"https:\/\/www.caririemacao.com\/1\/2019\/08\/20\/verba-para-emitir-cpf-e-restituicoes-do-ir-acaba-ainda-este-mes\/","title":{"rendered":"Verba para emitir CPF e restitui\u00e7\u00f5es do IR acaba ainda este m\u00eas"},"content":{"rendered":"\n<p>A Receita Federal, que ter\u00e1 mudan\u00e7as na sua c\u00fapula, deve enfrentar nos pr\u00f3ximos dias o risco de shutdown, com a falta de dinheiro em caixa para emitir CPFs, pagar aos contribuintes as restitui\u00e7\u00f5es do Imposto de Renda e controlar a importa\u00e7\u00e3o e exporta\u00e7\u00e3o de produtos no Brasil.<\/p>\n\n\n\n<p>H\u00e1 dinheiro para que o sistema funcione at\u00e9 o dia 25 de agosto, o pr\u00f3ximo s\u00e1bado, mas o governo prometeu ao \u00f3rg\u00e3o que vai resolver a quest\u00e3o antes que os servi\u00e7os sejam paralisados.<\/p>\n\n\n\n<p>A escassez de recursos na Receita j\u00e1 atrapalha o envio de correspond\u00eancias, mas at\u00e9 o fim do m\u00eas a situa\u00e7\u00e3o se agravar\u00e1 caso n\u00e3o haja libera\u00e7\u00e3o de dinheiro ao \u00f3rg\u00e3o.<\/p>\n\n\n\n<p>Os cortes no Or\u00e7amento devem afetar a atividade do Serpro, empresa p\u00fablica prestadora de servi\u00e7os de tecnologia da informa\u00e7\u00e3o, cujo principal cliente \u00e9 a Receita.<\/p>\n\n\n\n<p>Com este cen\u00e1rio, a Receita emitiu um comunicado interno para alertar sobre o risco de paralisa\u00e7\u00e3o das atividades, j\u00e1 que os principais servi\u00e7os do Fisco dependem do sistema.<\/p>\n\n\n\n<p>Apesar do compromisso, a gest\u00e3o de Jair Bolsonaro est\u00e1 em alerta e monitora o risco de paralisia em programas de minist\u00e9rios nos pr\u00f3ximos meses por falta de dinheiro.<\/p>\n\n\n\n<p>Libera\u00e7\u00f5es de bolsas de estudo e atividades da Pol\u00edcia Federal j\u00e1 est\u00e3o prejudicadas pelo estrangulamento nas contas p\u00fablicas. Assim como na Receita, o Minist\u00e9rio da Economia tenta administrar reclama\u00e7\u00f5es feitas pelas pastas, que t\u00eam apresentado uma s\u00e9rie de demandas em busca de mais recursos.<\/p>\n\n\n\n<p>Neste ano, a disponibilidade das chamadas despesas discricion\u00e1rias atingiu o patamar m\u00ednimo hist\u00f3rico. S\u00e3o exemplos desses gastos, definidos como n\u00e3o obrigat\u00f3rios, o custeio da m\u00e1quina p\u00fablica e investimentos.<\/p>\n\n\n\n<p>O governo iniciou 2019 com um montante previsto de R$ 129 bilh\u00f5es em despesas discricion\u00e1rias. Por\u00e9m, o fraco desempenho da economia e a frustra\u00e7\u00e3o na arrecada\u00e7\u00e3o de tributos levou a bloqueios de R$ 33 bilh\u00f5es nos minist\u00e9rios. Com isso, o valor dispon\u00edvel em gastos n\u00e3o obrigat\u00f3rios caiu para aproximadamente R$ 97 bilh\u00f5es, patamar considerado baixo.<\/p>\n\n\n\n<p>Na avalia\u00e7\u00e3o de membros da \u00e1rea econ\u00f4mica, \u00e9 pequeno o risco de que o pa\u00eds passe neste ano pelo chamado \u201cshutdown\u201d, quando a limita\u00e7\u00e3o de recursos chega a um n\u00edvel cr\u00edtico que leva a uma paralisia geral dos servi\u00e7os p\u00fablicos.<\/p>\n\n\n\n<p>T\u00e9cnicos do Minist\u00e9rio da Economia acreditam que mais \u00f3rg\u00e3os devem suspender servi\u00e7os sob a alega\u00e7\u00e3o de que acabou o dinheiro, mas sem um efeito generalizado na m\u00e1quina p\u00fablica.<\/p>\n\n\n\n<p>Al\u00e9m do problema de caixa, a Receita tem enfrentado press\u00f5es de ordem pol\u00edtica. Nesta segunda-feira (19) foi confirmada a troca do n\u00famero dois do \u00f3rg\u00e3o, o subsecret\u00e1rio-geral, Jo\u00e3o Paulo Ramos Fachada. Ele vinha se posicionando contra press\u00f5es do Pal\u00e1cio do Planalto para substitui\u00e7\u00f5es em postos-chave do \u00f3rg\u00e3o.<\/p>\n","protected":false},"excerpt":{"rendered":"<p>A Receita Federal, que ter\u00e1 mudan\u00e7as na sua c\u00fapula, deve enfrentar nos pr\u00f3ximos dias o risco de shutdown, com a falta de dinheiro em caixa&hellip; <\/p>\n","protected":false},"author":1,"featured_media":38590,"comment_status":"closed","ping_status":"closed","sticky":false,"template":"","format":"standard","meta":{"sfsi_plus_gutenberg_text_before_share":"","sfsi_plus_gutenberg_show_text_before_share":"","sfsi_plus_gutenberg_icon_type":"","sfsi_plus_gutenberg_icon_alignemt":"","sfsi_plus_gutenburg_max_per_row":"","footnotes":""},"categories":[11],"tags":[],"class_list":["post-111183","post","type-post","status-publish","format-standard","has-post-thumbnail","hentry","category-politica"],"_links":{"self":[{"href":"https:\/\/www.caririemacao.com\/1\/wp-json\/wp\/v2\/posts\/111183","targetHints":{"allow":["GET"]}}],"collection":[{"href":"https:\/\/www.caririemacao.com\/1\/wp-json\/wp\/v2\/posts"}],"about":[{"href":"https:\/\/www.caririemacao.com\/1\/wp-json\/wp\/v2\/types\/post"}],"author":[{"embeddable":true,"href":"https:\/\/www.caririemacao.com\/1\/wp-json\/wp\/v2\/users\/1"}],"replies":[{"embeddable":true,"href":"https:\/\/www.caririemacao.com\/1\/wp-json\/wp\/v2\/comments?post=111183"}],"version-history":[{"count":1,"href":"https:\/\/www.caririemacao.com\/1\/wp-json\/wp\/v2\/posts\/111183\/revisions"}],"predecessor-version":[{"id":111184,"href":"https:\/\/www.caririemacao.com\/1\/wp-json\/wp\/v2\/posts\/111183\/revisions\/111184"}],"wp:featuredmedia":[{"embeddable":true,"href":"https:\/\/www.caririemacao.com\/1\/wp-json\/wp\/v2\/media\/38590"}],"wp:attachment":[{"href":"https:\/\/www.caririemacao.com\/1\/wp-json\/wp\/v2\/media?parent=111183"}],"wp:term":[{"taxonomy":"category","embeddable":true,"href":"https:\/\/www.caririemacao.com\/1\/wp-json\/wp\/v2\/categories?post=111183"},{"taxonomy":"post_tag","embeddable":true,"href":"https:\/\/www.caririemacao.com\/1\/wp-json\/wp\/v2\/tags?post=111183"}],"curies":[{"name":"wp","href":"https:\/\/api.w.org\/{rel}","templated":true}]}}