{"id":111186,"date":"2019-08-20T06:35:42","date_gmt":"2019-08-20T09:35:42","guid":{"rendered":"http:\/\/www.caririemacao.com\/1\/?p=111186"},"modified":"2019-08-20T06:35:42","modified_gmt":"2019-08-20T09:35:42","slug":"governo-muda-regras-e-fgts-vai-render-quase-o-dobro-este-ano","status":"publish","type":"post","link":"https:\/\/www.caririemacao.com\/1\/2019\/08\/20\/governo-muda-regras-e-fgts-vai-render-quase-o-dobro-este-ano\/","title":{"rendered":"Governo muda regras e FGTS vai render quase o dobro este ano"},"content":{"rendered":"\n<p>Uma das mudan\u00e7as anunciadas no Fundo de Garantia do Tempo de Servi\u00e7o (FGTS), a distribui\u00e7\u00e3o de 100% dos resultados do ano passado foi ratificada hoje (19) pelo Conselho Curador.<\/p>\n\n\n\n<p>A Medida Provis\u00f3ria (MP) 889 aumentou a rentabilidade do fundo, determinando a transfer\u00eancia de todo o lucro do exerc\u00edcio anterior aos cotistas.<\/p>\n\n\n\n<p>Antes da MP, o FGTS rendia 3% ao ano mais a Taxa Referencial (TR), atualmente zerada. Desde 2017, o fundo repassava 50% dos lucros do ano anterior ao cotista. Com a mudan\u00e7a, o fundo render\u00e1 6,18% em 2019 , ultrapassando inclusive a taxa Selic (juros b\u00e1sicos da economia), recentemente reduzida para 6% ao ano.<\/p>\n\n\n\n<p>At\u00e9 31 de agosto, ser\u00e3o repassados R$ 12,2 bilh\u00f5es do lucro de 2018, distribu\u00eddos proporcionalmente conforme o saldo de cada conta. O Conselho Curador tamb\u00e9m aprovou os Relat\u00f3rios de Gest\u00e3o do FGTS e do Fundo de Investimento FI-FGTS. Os documentos ser\u00e3o divulgados no site do FGTS assim que o Di\u00e1rio Oficial da Uni\u00e3o publicar a resolu\u00e7\u00e3o.<\/p>\n\n\n\n<p>O conselho instituiu ainda um grupo de trabalho, com participa\u00e7\u00e3o de tr\u00eas representantes do FGTS e tr\u00eas do Comit\u00ea de Investimento do FI-FGTS, para acompanhar e propor mudan\u00e7as nas aplica\u00e7\u00f5es do fundo.<\/p>\n\n\n\n<p>O grupo tamb\u00e9m acompanhar\u00e1 a execu\u00e7\u00e3o das recomenda\u00e7\u00f5es dos \u00f3rg\u00e3os de controle em parceria com o Grupo de Apoio Permanente (GAP), formado por consultores t\u00e9cnicos vinculados \u00e0s 12 entidades que comp\u00f5em o colegiado.<\/p>\n","protected":false},"excerpt":{"rendered":"<p>Uma das mudan\u00e7as anunciadas no Fundo de Garantia do Tempo de Servi\u00e7o (FGTS), a distribui\u00e7\u00e3o de 100% dos resultados do ano passado foi ratificada hoje&hellip; <\/p>\n","protected":false},"author":1,"featured_media":111188,"comment_status":"closed","ping_status":"closed","sticky":false,"template":"","format":"standard","meta":{"sfsi_plus_gutenberg_text_before_share":"","sfsi_plus_gutenberg_show_text_before_share":"","sfsi_plus_gutenberg_icon_type":"","sfsi_plus_gutenberg_icon_alignemt":"","sfsi_plus_gutenburg_max_per_row":"","footnotes":""},"categories":[11],"tags":[],"class_list":["post-111186","post","type-post","status-publish","format-standard","has-post-thumbnail","hentry","category-politica"],"_links":{"self":[{"href":"https:\/\/www.caririemacao.com\/1\/wp-json\/wp\/v2\/posts\/111186","targetHints":{"allow":["GET"]}}],"collection":[{"href":"https:\/\/www.caririemacao.com\/1\/wp-json\/wp\/v2\/posts"}],"about":[{"href":"https:\/\/www.caririemacao.com\/1\/wp-json\/wp\/v2\/types\/post"}],"author":[{"embeddable":true,"href":"https:\/\/www.caririemacao.com\/1\/wp-json\/wp\/v2\/users\/1"}],"replies":[{"embeddable":true,"href":"https:\/\/www.caririemacao.com\/1\/wp-json\/wp\/v2\/comments?post=111186"}],"version-history":[{"count":1,"href":"https:\/\/www.caririemacao.com\/1\/wp-json\/wp\/v2\/posts\/111186\/revisions"}],"predecessor-version":[{"id":111189,"href":"https:\/\/www.caririemacao.com\/1\/wp-json\/wp\/v2\/posts\/111186\/revisions\/111189"}],"wp:featuredmedia":[{"embeddable":true,"href":"https:\/\/www.caririemacao.com\/1\/wp-json\/wp\/v2\/media\/111188"}],"wp:attachment":[{"href":"https:\/\/www.caririemacao.com\/1\/wp-json\/wp\/v2\/media?parent=111186"}],"wp:term":[{"taxonomy":"category","embeddable":true,"href":"https:\/\/www.caririemacao.com\/1\/wp-json\/wp\/v2\/categories?post=111186"},{"taxonomy":"post_tag","embeddable":true,"href":"https:\/\/www.caririemacao.com\/1\/wp-json\/wp\/v2\/tags?post=111186"}],"curies":[{"name":"wp","href":"https:\/\/api.w.org\/{rel}","templated":true}]}}