{"id":111192,"date":"2019-08-20T06:39:29","date_gmt":"2019-08-20T09:39:29","guid":{"rendered":"http:\/\/www.caririemacao.com\/1\/?p=111192"},"modified":"2019-08-20T06:39:29","modified_gmt":"2019-08-20T09:39:29","slug":"bolsonaro-transferira-coaf-para-o-banco-central-via-medida-provisoria","status":"publish","type":"post","link":"https:\/\/www.caririemacao.com\/1\/2019\/08\/20\/bolsonaro-transferira-coaf-para-o-banco-central-via-medida-provisoria\/","title":{"rendered":"Bolsonaro transferir\u00e1 Coaf para o Banco Central via medida provis\u00f3ria"},"content":{"rendered":"\n<p>A mudan\u00e7a do Conselho de Controle de Atividades Financeiras (Coaf) para o Banco Central ser\u00e1 feita via medida provis\u00f3ria (MP) pelo presidente Jair Bolsonaro. A informa\u00e7\u00e3o foi confirmada dia (19) pelo porta-voz da Presid\u00eancia, Ot\u00e1vio R\u00eago Barros. Segundo o porta-voz, Bolsonaro conversou sobre o assunto tanto com o ministro da Justi\u00e7a e Seguran\u00e7a P\u00fablica, Sergio Moro, quanto com o chefe da pasta da Economia, Paulo Guedes.<\/p>\n\n\n\n<p>\u201c[A&nbsp; transfer\u00eancia do Coaf] ser\u00e1 executada por meio de medida provis\u00f3ria, colocando esse \u00f3rg\u00e3o no guarda-chuva do Banco Central e gerido por funcion\u00e1rios de carreira dessa institui\u00e7\u00e3o\u201d, disse o porta-voz.<\/p>\n\n\n\n<p>Segundo ele, o Coaf ser\u00e1 uma \u201cunidade de intelig\u00eancia financeira\u201d que n\u00e3o perder\u00e1 o car\u00e1ter colaborativo com outros \u00f3rg\u00e3os e manter\u00e1 o perfil de combate \u00e0 corrup\u00e7\u00e3o. \u201cEssa mudan\u00e7a n\u00e3o inviabilizar\u00e1 esse combate t\u00e3o importante. Foi dentro desse contexto que o presidente fez, por meio do assessoramento dos minist\u00e9rios da Economia e da Justi\u00e7a, essas pequenas modifica\u00e7\u00f5es a fim de, posicionando essa unidade de intelig\u00eancia financeira, obter dela a mais eficiente e eficaz a\u00e7\u00e3o\u201d, disse.<\/p>\n\n\n\n<p>De acordo com R\u00eago Barros, &#8220;h\u00e1 probabilidade de que [a MP] saia, sim, em curto prazo&#8221;.<\/p>\n\n\n\n<p>Criado em 1998, no \u00e2mbito do Minist\u00e9rio da Fazenda, o Coaf \u00e9 uma \u00f3rg\u00e3o de intelig\u00eancia financeira do governo federal que atua principalmente na preven\u00e7\u00e3o e no combate \u00e0 lavagem de dinheiro.<\/p>\n\n\n\n<p>A reforma administrativa do governo do presidente Jair Bolsonaro previa a transfer\u00eancia do conselho para o Minist\u00e9rio da Justi\u00e7a e Seguran\u00e7a P\u00fablica. A medida, no entanto, foi rejeitada pelo Congresso Nacional, que manteve o \u00f3rg\u00e3o subordinado ao Minist\u00e9rio da Economia.<\/p>\n","protected":false},"excerpt":{"rendered":"<p>A mudan\u00e7a do Conselho de Controle de Atividades Financeiras (Coaf) para o Banco Central ser\u00e1 feita via medida provis\u00f3ria (MP) pelo presidente Jair Bolsonaro. A&hellip; <\/p>\n","protected":false},"author":1,"featured_media":111193,"comment_status":"closed","ping_status":"closed","sticky":false,"template":"","format":"standard","meta":{"sfsi_plus_gutenberg_text_before_share":"","sfsi_plus_gutenberg_show_text_before_share":"","sfsi_plus_gutenberg_icon_type":"","sfsi_plus_gutenberg_icon_alignemt":"","sfsi_plus_gutenburg_max_per_row":"","footnotes":""},"categories":[11],"tags":[],"class_list":["post-111192","post","type-post","status-publish","format-standard","has-post-thumbnail","hentry","category-politica"],"_links":{"self":[{"href":"https:\/\/www.caririemacao.com\/1\/wp-json\/wp\/v2\/posts\/111192","targetHints":{"allow":["GET"]}}],"collection":[{"href":"https:\/\/www.caririemacao.com\/1\/wp-json\/wp\/v2\/posts"}],"about":[{"href":"https:\/\/www.caririemacao.com\/1\/wp-json\/wp\/v2\/types\/post"}],"author":[{"embeddable":true,"href":"https:\/\/www.caririemacao.com\/1\/wp-json\/wp\/v2\/users\/1"}],"replies":[{"embeddable":true,"href":"https:\/\/www.caririemacao.com\/1\/wp-json\/wp\/v2\/comments?post=111192"}],"version-history":[{"count":1,"href":"https:\/\/www.caririemacao.com\/1\/wp-json\/wp\/v2\/posts\/111192\/revisions"}],"predecessor-version":[{"id":111194,"href":"https:\/\/www.caririemacao.com\/1\/wp-json\/wp\/v2\/posts\/111192\/revisions\/111194"}],"wp:featuredmedia":[{"embeddable":true,"href":"https:\/\/www.caririemacao.com\/1\/wp-json\/wp\/v2\/media\/111193"}],"wp:attachment":[{"href":"https:\/\/www.caririemacao.com\/1\/wp-json\/wp\/v2\/media?parent=111192"}],"wp:term":[{"taxonomy":"category","embeddable":true,"href":"https:\/\/www.caririemacao.com\/1\/wp-json\/wp\/v2\/categories?post=111192"},{"taxonomy":"post_tag","embeddable":true,"href":"https:\/\/www.caririemacao.com\/1\/wp-json\/wp\/v2\/tags?post=111192"}],"curies":[{"name":"wp","href":"https:\/\/api.w.org\/{rel}","templated":true}]}}