{"id":111197,"date":"2019-08-20T06:41:39","date_gmt":"2019-08-20T09:41:39","guid":{"rendered":"http:\/\/www.caririemacao.com\/1\/?p=111197"},"modified":"2019-08-20T06:41:39","modified_gmt":"2019-08-20T09:41:39","slug":"moro-governo-esta-atento-a-projetos-que-cerceiem-atividade-policial","status":"publish","type":"post","link":"https:\/\/www.caririemacao.com\/1\/2019\/08\/20\/moro-governo-esta-atento-a-projetos-que-cerceiem-atividade-policial\/","title":{"rendered":"Moro: governo est\u00e1 atento a projetos que cerceiem atividade policial"},"content":{"rendered":"\n<p>O ministro da Justi\u00e7a e Seguran\u00e7a P\u00fablica S\u00e9rgio Moro disse nesta segunda-feira (19) que o governo federal est\u00e1 atento a projetos do Congresso Nacional que possam cercear a atividade policial. A declara\u00e7\u00e3o foi dada em evento na sede do Comando da Pol\u00edcia Militar em Bauru (SP), no interior paulista. O ministro tamb\u00e9m recebeu nesta noite o t\u00edtulo honoris causa da Universidade de Mar\u00edlia (Unimar), em Mar\u00edlia (SP).<\/p>\n\n\n\n<p>\u201cEstamos atentos a \u00f3bices que eventualmente sejam colocados no trabalho da atividade policial, n\u00f3s vimos recentemente o projeto de abuso de autoridade, n\u00f3s respeitamos o Congresso, mas estamos sens\u00edveis. No pr\u00f3prio Congresso, boa parte dos parlamentares revelou sensibilidade em rela\u00e7\u00e3o a alguns temas que podem, ainda que com boas inten\u00e7\u00f5es, cercear o trabalho da atividade policial. O governo federal est\u00e1 atento nisso\u201d, disse o ministro.<\/p>\n\n\n\n<p><strong>Lei Anticrime<\/strong><br><\/p>\n\n\n\n<p>Moro lembrou do Projeto Anticrime, que apresentou ao Congresso enquanto ministro. \u201cApresentamos respeitosamente ao Congresso o projeto anticrime. O capit\u00e3o Augusto \u00e9 o relator do projeto. Estamos l\u00e1 buscando com o apoio dele e de outros parlamentares o convencimento do parlamento da import\u00e2ncia da aprova\u00e7\u00e3o desse projeto, que n\u00f3s acreditamos que levaria a\u00ed a uma redu\u00e7\u00e3o ainda maior dessa criminalidade\u201d, disse.<\/p>\n\n\n\n<p>O ministro avaliou que o projeto \u201ctraz instrumentos importantes n\u00e3o s\u00f3 para coibir a criminalidade mas para aumentar os mecanismos de investiga\u00e7\u00e3o \u00e0 disposi\u00e7\u00e3o da pol\u00edcia, do Judici\u00e1rio e do Minist\u00e9rio P\u00fablico\u201d.<\/p>\n\n\n\n<p><strong>Discord\u00e2ncias<\/strong><br><\/p>\n\n\n\n<p>No in\u00edcio deste m\u00eas, o presidente da C\u00e2mara dos Deputados Rodrigo Maia declarou em evento na capital paulista que h\u00e1 algumas discord\u00e2ncias em rela\u00e7\u00e3o ao pacote anticrime. Maia explicou que em alguns temas do projeto, a maioria dos parlamentares entende que h\u00e1 dificuldade para se avan\u00e7ar.&nbsp;<\/p>\n\n\n\n<p>\u201cFalei para o presidente que a gente precisava de um projeto mais forte na \u00e1rea de Seguran\u00e7a P\u00fablica, com uma reforma geral do sistema prisional, algo nessa linha acho que \u00e9 uma resposta mais forte \u00e0 sociedade. Acho que o projeto do Moro tem coisas boas, mas \u00e9 um projeto que vai pin\u00e7ando temas de v\u00e1rias \u00e1reas, inclusive mistura a parte de colarinho branco com crime organizado\u201d, disse Maia na ocasi\u00e3o.&nbsp;<\/p>\n\n\n\n<p><strong>Experi\u00eancias<\/strong><br><\/p>\n\n\n\n<p>Segundo Moro, a visita ao interior paulista se deu para conhecer experi\u00eancias locais de videomonitoramento em seguran\u00e7a p\u00fablica. \u201cViemos conhecer a regi\u00e3o, vivemos em uma federa\u00e7\u00e3o, sabemos que existem experi\u00eancias muito interessantes em mat\u00e9ria de seguran\u00e7a p\u00fablica no pa\u00eds inteiro e uma das fun\u00e7\u00f5es do Minist\u00e9rio da Justi\u00e7a e Seguran\u00e7a P\u00fablica \u00e9 conhecer essas experi\u00eancias e aquelas que forem positivas n\u00f3s buscarmos replicar\u201d, disse.<\/p>\n\n\n\n<p>\u201c\u00c9 importante tamb\u00e9m investir em tecnologia, a tecnologia facilita o trabalho do policial, permite maior foco, permite o atendimento mais r\u00e1pido \u00e0queles que s\u00e3o v\u00edtimas de crime, que acabam sendo, vamos dizer assim, um crime filmado por videomonitoramento, ou que pode permitir a captura de criminosos foragidos, a identifica\u00e7\u00e3o de ve\u00edculos furtados, roubados, de uma forma mais din\u00e2mica. Ent\u00e3o n\u00f3s temos que alinhar essas duas estrat\u00e9gias: policiais treinados, mas tamb\u00e9m tecnologia e a ideia foi vir aqui para Bauru e Mar\u00edlia para conhecer essa experi\u00eancia\u201d, acrescentou.<\/p>\n","protected":false},"excerpt":{"rendered":"<p>O ministro da Justi\u00e7a e Seguran\u00e7a P\u00fablica S\u00e9rgio Moro disse nesta segunda-feira (19) que o governo federal est\u00e1 atento a projetos do Congresso Nacional que&hellip; <\/p>\n","protected":false},"author":1,"featured_media":101148,"comment_status":"closed","ping_status":"closed","sticky":false,"template":"","format":"standard","meta":{"sfsi_plus_gutenberg_text_before_share":"","sfsi_plus_gutenberg_show_text_before_share":"","sfsi_plus_gutenberg_icon_type":"","sfsi_plus_gutenberg_icon_alignemt":"","sfsi_plus_gutenburg_max_per_row":"","footnotes":""},"categories":[11],"tags":[],"class_list":["post-111197","post","type-post","status-publish","format-standard","has-post-thumbnail","hentry","category-politica"],"_links":{"self":[{"href":"https:\/\/www.caririemacao.com\/1\/wp-json\/wp\/v2\/posts\/111197","targetHints":{"allow":["GET"]}}],"collection":[{"href":"https:\/\/www.caririemacao.com\/1\/wp-json\/wp\/v2\/posts"}],"about":[{"href":"https:\/\/www.caririemacao.com\/1\/wp-json\/wp\/v2\/types\/post"}],"author":[{"embeddable":true,"href":"https:\/\/www.caririemacao.com\/1\/wp-json\/wp\/v2\/users\/1"}],"replies":[{"embeddable":true,"href":"https:\/\/www.caririemacao.com\/1\/wp-json\/wp\/v2\/comments?post=111197"}],"version-history":[{"count":1,"href":"https:\/\/www.caririemacao.com\/1\/wp-json\/wp\/v2\/posts\/111197\/revisions"}],"predecessor-version":[{"id":111198,"href":"https:\/\/www.caririemacao.com\/1\/wp-json\/wp\/v2\/posts\/111197\/revisions\/111198"}],"wp:featuredmedia":[{"embeddable":true,"href":"https:\/\/www.caririemacao.com\/1\/wp-json\/wp\/v2\/media\/101148"}],"wp:attachment":[{"href":"https:\/\/www.caririemacao.com\/1\/wp-json\/wp\/v2\/media?parent=111197"}],"wp:term":[{"taxonomy":"category","embeddable":true,"href":"https:\/\/www.caririemacao.com\/1\/wp-json\/wp\/v2\/categories?post=111197"},{"taxonomy":"post_tag","embeddable":true,"href":"https:\/\/www.caririemacao.com\/1\/wp-json\/wp\/v2\/tags?post=111197"}],"curies":[{"name":"wp","href":"https:\/\/api.w.org\/{rel}","templated":true}]}}