{"id":111201,"date":"2019-08-20T06:43:46","date_gmt":"2019-08-20T09:43:46","guid":{"rendered":"http:\/\/www.caririemacao.com\/1\/?p=111201"},"modified":"2019-08-20T06:43:46","modified_gmt":"2019-08-20T09:43:46","slug":"gleisi-hoffman-confirma-participacao-no-ato-sos-transposicao-na-paraiba","status":"publish","type":"post","link":"https:\/\/www.caririemacao.com\/1\/2019\/08\/20\/gleisi-hoffman-confirma-participacao-no-ato-sos-transposicao-na-paraiba\/","title":{"rendered":"Gleisi Hoffman confirma participa\u00e7\u00e3o no ato SOS Transposi\u00e7\u00e3o na Para\u00edba"},"content":{"rendered":"\n<p>A presidente nacional do PT e deputada federal, Gleisi Hoffmann confirmou nesta segunda-feira (19), participa\u00e7\u00e3o&nbsp;no ato SOS Transposi\u00e7\u00e3o no dia 1\u00ba de setembro, na cidade de Monteiro, na Para\u00edba. No v\u00eddeo divulgado pela deputada, ela convoca&nbsp;\u00e0 popula\u00e7\u00e3o a se unir contra a pol\u00edtica do governo Bolsonaro e pela efetiva\u00e7\u00e3o das obras da transposi\u00e7\u00e3o do Rio S\u00e3o Francisco.<\/p>\n\n\n\n<p>Gleisi tamb\u00e9m disse que a obra de transposi\u00e7\u00e3o foi uma das mais relevantes no governo do ex-presidente Lula, que se destaca pelo grande impacto econ\u00f4mico e social para levar \u00e1gua para o Nordeste.<\/p>\n\n\n\n<p>O ato \u00e9 organizado&nbsp;pelos movimentos sociais e diversas lideran\u00e7as de todo o Brasil, sob a coordena\u00e7\u00e3o do ex-governador da Para\u00edba, Ricardo Coutinho.<\/p>\n","protected":false},"excerpt":{"rendered":"<p>A presidente nacional do PT e deputada federal, Gleisi Hoffmann confirmou nesta segunda-feira (19), participa\u00e7\u00e3o&nbsp;no ato SOS Transposi\u00e7\u00e3o no dia 1\u00ba de setembro, na cidade&hellip; <\/p>\n","protected":false},"author":1,"featured_media":21148,"comment_status":"closed","ping_status":"closed","sticky":false,"template":"","format":"standard","meta":{"sfsi_plus_gutenberg_text_before_share":"","sfsi_plus_gutenberg_show_text_before_share":"","sfsi_plus_gutenberg_icon_type":"","sfsi_plus_gutenberg_icon_alignemt":"","sfsi_plus_gutenburg_max_per_row":"","footnotes":""},"categories":[11],"tags":[],"class_list":["post-111201","post","type-post","status-publish","format-standard","has-post-thumbnail","hentry","category-politica"],"_links":{"self":[{"href":"https:\/\/www.caririemacao.com\/1\/wp-json\/wp\/v2\/posts\/111201","targetHints":{"allow":["GET"]}}],"collection":[{"href":"https:\/\/www.caririemacao.com\/1\/wp-json\/wp\/v2\/posts"}],"about":[{"href":"https:\/\/www.caririemacao.com\/1\/wp-json\/wp\/v2\/types\/post"}],"author":[{"embeddable":true,"href":"https:\/\/www.caririemacao.com\/1\/wp-json\/wp\/v2\/users\/1"}],"replies":[{"embeddable":true,"href":"https:\/\/www.caririemacao.com\/1\/wp-json\/wp\/v2\/comments?post=111201"}],"version-history":[{"count":1,"href":"https:\/\/www.caririemacao.com\/1\/wp-json\/wp\/v2\/posts\/111201\/revisions"}],"predecessor-version":[{"id":111202,"href":"https:\/\/www.caririemacao.com\/1\/wp-json\/wp\/v2\/posts\/111201\/revisions\/111202"}],"wp:featuredmedia":[{"embeddable":true,"href":"https:\/\/www.caririemacao.com\/1\/wp-json\/wp\/v2\/media\/21148"}],"wp:attachment":[{"href":"https:\/\/www.caririemacao.com\/1\/wp-json\/wp\/v2\/media?parent=111201"}],"wp:term":[{"taxonomy":"category","embeddable":true,"href":"https:\/\/www.caririemacao.com\/1\/wp-json\/wp\/v2\/categories?post=111201"},{"taxonomy":"post_tag","embeddable":true,"href":"https:\/\/www.caririemacao.com\/1\/wp-json\/wp\/v2\/tags?post=111201"}],"curies":[{"name":"wp","href":"https:\/\/api.w.org\/{rel}","templated":true}]}}