{"id":111205,"date":"2019-08-20T06:48:41","date_gmt":"2019-08-20T09:48:41","guid":{"rendered":"http:\/\/www.caririemacao.com\/1\/?p=111205"},"modified":"2019-08-20T06:48:41","modified_gmt":"2019-08-20T09:48:41","slug":"governador-da-paraiba-confirma-presenca-em-reuniao-do-consorcio-nordeste-e-no-forum-abdib","status":"publish","type":"post","link":"https:\/\/www.caririemacao.com\/1\/2019\/08\/20\/governador-da-paraiba-confirma-presenca-em-reuniao-do-consorcio-nordeste-e-no-forum-abdib\/","title":{"rendered":"Governador da Para\u00edba confirma presen\u00e7a em reuni\u00e3o do Cons\u00f3rcio Nordeste e no F\u00f3rum Abdib"},"content":{"rendered":"\n<p>O governador Jo\u00e3o Azev\u00eado confirmou que vai participar da reuni\u00e3o do Cons\u00f3rcio Interestadual de Desenvolvimento Sustent\u00e1vel do Nordeste, na pr\u00f3xima quarta-feira (21) e no Abdib F\u00f3rum (Associa\u00e7\u00e3o Brasileira da Infraestrutura e Ind\u00fastrias de Base), que ocorre na quinta-feira (22), ambos em Teresina, no Estado do Piau\u00ed. A informa\u00e7\u00e3o foi confirmada nesta segunda-feira (19) no programa Fala Governador.<\/p>\n\n\n\n<p>Na reuni\u00e3o do Cons\u00f3rcio Nordeste, os governadores da regi\u00e3o v\u00e3o debater temas como a Seguran\u00e7a (sistema integrado de Seguran\u00e7a), Educa\u00e7\u00e3o (Universidade aberta ao Nordeste), Sa\u00fade (Mais M\u00e9dicos), PPP (Nordeste Conectado), Comunica\u00e7\u00e3o (Rede Nordeste de Comunica\u00e7\u00e3o), Ag\u00eancia de Fomento (Fundo de investimento do Nordeste) e Defesa Animal (Rede integrada de Defesa agropecu\u00e1ria).<\/p>\n\n\n\n<p>O governador Jo\u00e3o Azev\u00eado disse que o Cons\u00f3rcio Nordeste tem uma pauta extensa a ser discutida em rela\u00e7\u00e3o ao que o grupo vem elaborando e estabelecendo como diretrizes. \u201cVamos tamb\u00e9m participar de um evento estrat\u00e9gico para o Nordeste e para a Para\u00edba que \u00e9 o F\u00f3rum Abdib da Infrastrutura Regional. O evento vai reunir cerca de 250 empresas, empres\u00e1rios e investidores do segmento para que cada estado possa mostrar suas potencialidades e, evidentemente, criar um elo de liga\u00e7\u00e3o\u201d, frisou.<\/p>\n\n\n\n<p>O chefe do Executivo ainda acrescentou: \u201cVou levar para essas empresas e empres\u00e1rios presentes no evento o que \u00e9 a Para\u00edba de hoje e o que ela espera dos investidores que, cada vez mais, vem para o estado se instalar aqui pelas condi\u00e7\u00f5es de log\u00edstica, de estabilidade, de legalidade, pelas condi\u00e7\u00f5es, acima de tudo, de ser um estado que honra seus compromissos\u201d, concluiu.<\/p>\n\n\n\n<p><strong>O Abdib F\u00f3rum<\/strong><\/p>\n\n\n\n<p>Infraestrutura Regional tem como objetivo promover um di\u00e1logo qualificado com importantes agentes do setor p\u00fablico e privado em prol de uma agenda de a\u00e7\u00f5es com vistas ao est\u00edmulo dos investimentos da Regi\u00e3o Nordeste. O F\u00f3rum vai abordar quest\u00f5es relacionadas aos setores de Energia, Transportes e Log\u00edsticas, Saneamento e Res\u00edduos S\u00f3lidos.<\/p>\n\n\n\n<p>A Associa\u00e7\u00e3o Brasileira da In\u00adfraestrutura e Ind\u00fastrias de Base (Abdib) \u00e9 uma entidade privada, sem fins lucrativos, que busca contribuir para o crescimento econ\u00f4mico e o desenvolvimento social do Brasil, por meio da expans\u00e3o dos investimentos em infraestrutura e ind\u00fastrias de base, bem como colaborar com agentes p\u00fablicos e privados na busca de solu\u00e7\u00f5es consistentes para viabilizar investimentos.<\/p>\n","protected":false},"excerpt":{"rendered":"<p>O governador Jo\u00e3o Azev\u00eado confirmou que vai participar da reuni\u00e3o do Cons\u00f3rcio Interestadual de Desenvolvimento Sustent\u00e1vel do Nordeste, na pr\u00f3xima quarta-feira (21) e no Abdib&hellip; <\/p>\n","protected":false},"author":1,"featured_media":111206,"comment_status":"closed","ping_status":"closed","sticky":false,"template":"","format":"standard","meta":{"sfsi_plus_gutenberg_text_before_share":"","sfsi_plus_gutenberg_show_text_before_share":"","sfsi_plus_gutenberg_icon_type":"","sfsi_plus_gutenberg_icon_alignemt":"","sfsi_plus_gutenburg_max_per_row":"","footnotes":""},"categories":[11],"tags":[],"class_list":["post-111205","post","type-post","status-publish","format-standard","has-post-thumbnail","hentry","category-politica"],"_links":{"self":[{"href":"https:\/\/www.caririemacao.com\/1\/wp-json\/wp\/v2\/posts\/111205","targetHints":{"allow":["GET"]}}],"collection":[{"href":"https:\/\/www.caririemacao.com\/1\/wp-json\/wp\/v2\/posts"}],"about":[{"href":"https:\/\/www.caririemacao.com\/1\/wp-json\/wp\/v2\/types\/post"}],"author":[{"embeddable":true,"href":"https:\/\/www.caririemacao.com\/1\/wp-json\/wp\/v2\/users\/1"}],"replies":[{"embeddable":true,"href":"https:\/\/www.caririemacao.com\/1\/wp-json\/wp\/v2\/comments?post=111205"}],"version-history":[{"count":1,"href":"https:\/\/www.caririemacao.com\/1\/wp-json\/wp\/v2\/posts\/111205\/revisions"}],"predecessor-version":[{"id":111207,"href":"https:\/\/www.caririemacao.com\/1\/wp-json\/wp\/v2\/posts\/111205\/revisions\/111207"}],"wp:featuredmedia":[{"embeddable":true,"href":"https:\/\/www.caririemacao.com\/1\/wp-json\/wp\/v2\/media\/111206"}],"wp:attachment":[{"href":"https:\/\/www.caririemacao.com\/1\/wp-json\/wp\/v2\/media?parent=111205"}],"wp:term":[{"taxonomy":"category","embeddable":true,"href":"https:\/\/www.caririemacao.com\/1\/wp-json\/wp\/v2\/categories?post=111205"},{"taxonomy":"post_tag","embeddable":true,"href":"https:\/\/www.caririemacao.com\/1\/wp-json\/wp\/v2\/tags?post=111205"}],"curies":[{"name":"wp","href":"https:\/\/api.w.org\/{rel}","templated":true}]}}