{"id":111214,"date":"2019-08-20T06:54:35","date_gmt":"2019-08-20T09:54:35","guid":{"rendered":"http:\/\/www.caririemacao.com\/1\/?p=111214"},"modified":"2019-08-20T06:54:35","modified_gmt":"2019-08-20T09:54:35","slug":"mec-analisa-novo-modelo-de-distribuicao-de-recursos-para-universidades","status":"publish","type":"post","link":"https:\/\/www.caririemacao.com\/1\/2019\/08\/20\/mec-analisa-novo-modelo-de-distribuicao-de-recursos-para-universidades\/","title":{"rendered":"MEC analisa novo modelo de distribui\u00e7\u00e3o de recursos para universidades"},"content":{"rendered":"\n<p>O secret\u00e1rio de Educa\u00e7\u00e3o Superior do Minist\u00e9rio da Educa\u00e7\u00e3o (MEC), Arnaldo Lima, defendeu,&nbsp; nesta segunda-feira (19), uma nova distribui\u00e7\u00e3o de recursos da Uni\u00e3o para as universidades federais. Para ele, os \u00edndices de desempenho seriam um balizador mais adequado para definir o repasse de verbas.<\/p>\n\n\n\n<p>Arnaldo afirmou que as universidades com os melhores \u00edndices de governan\u00e7a, por exemplo, dever\u00e3o ser premiadas. \u201cA forma de exercer autonomia universit\u00e1ria \u00e9 prestar contas do subs\u00eddio que recebe. Ent\u00e3o, quem \u00e9 que presta contas? \u00c9 aquele que tem melhor governan\u00e7a. Os indicadores de governan\u00e7a fazem com que a gente tenha mais previsibilidade para que n\u00e3o faltem recursos.\u201d<\/p>\n\n\n\n<figure class=\"wp-block-image\"><a href=\"https:\/\/twitter.com\/MEC_Comunicacao\"><img decoding=\"async\" data-src=\"https:\/\/pbs.twimg.com\/profile_images\/1151874077570846726\/jYDSXiOw_bigger.png\" alt=\"\" src=\"data:image\/svg+xml;base64,PHN2ZyB3aWR0aD0iMSIgaGVpZ2h0PSIxIiB4bWxucz0iaHR0cDovL3d3dy53My5vcmcvMjAwMC9zdmciPjwvc3ZnPg==\" class=\"lazyload\" \/><\/a><\/figure>\n\n\n\n<p><a href=\"https:\/\/twitter.com\/MEC_Comunicacao\"><strong>Minist\u00e9rio da Educa\u00e7\u00e3o<\/strong><strong>&#x2714;<\/strong>@MEC_Comunicacao<\/a><a href=\"https:\/\/twitter.com\/MEC_Comunicacao\/status\/1163586440615403521\"><\/a><\/p>\n\n\n\n<p>Arnaldo afirmou que as universidades com os melhores \u00edndices de governan\u00e7a, por exemplo, dever\u00e3o ser premiadas. Saiba mais: <a href=\"https:\/\/t.co\/EQDONKgJsq\" rel=\"noreferrer noopener\" target=\"_blank\">http:\/\/bit.ly\/2KSGvXC&nbsp;<\/a><\/p>\n\n\n\n<figure class=\"wp-block-image\"><a href=\"https:\/\/twitter.com\/MEC_Comunicacao\/status\/1163586440615403521\/photo\/1\"><img decoding=\"async\" src=\"https:\/\/pbs.twimg.com\/media\/ECXb-uXWkAA-UaQ?format=jpg&amp;name=small\" alt=\"Ver imagem no Twitter\"\/><\/a><\/figure>\n\n\n\n<p><a href=\"https:\/\/twitter.com\/intent\/like?tweet_id=1163586440615403521\">40<\/a><a href=\"https:\/\/twitter.com\/MEC_Comunicacao\/status\/1163586440615403521\">20:00 &#8211; 19 de ago de 2019<\/a><a href=\"https:\/\/support.twitter.com\/articles\/20175256\">Informa\u00e7\u00f5es e privacidade no Twitter Ads<\/a><a href=\"https:\/\/twitter.com\/MEC_Comunicacao\">Veja outros Tweets de Minist\u00e9rio da Educa\u00e7\u00e3o<\/a><\/p>\n\n\n\n<p>Segundo ele, existem alunos de universidades no Sudeste que custam mais caro que alunos do Nordeste, por exemplo. \u201cMuitas vezes as universidades que se destacam no \u00edndice de governan\u00e7a, ou seja, que fazem melhor planejamento, s\u00e3o as que menos recebem recursos\u201d. O secret\u00e1rio falou no 3\u00ba Congresso Internacional de Jornalismo de Educa\u00e7\u00e3o, o Jeduca, ocorrido em S\u00e3o Paulo.<\/p>\n\n\n\n<p>Ele acrescentou que a mudan\u00e7a ser\u00e1 discutida com os reitores. Um dos indicadores ser\u00e1 o ranking de governan\u00e7a do Tribunal de Contas da Uni\u00e3o (TCU). Outros \u00edndices utilizar\u00e3o a cria\u00e7\u00e3o de patentes e de empregabilidade. A previs\u00e3o \u00e9 que o debate sobre o tema seja aprofundado entre o final deste ano e meados do ano que vem.<\/p>\n\n\n\n<p><\/p>\n\n\n\n<p>EBC<\/p>\n","protected":false},"excerpt":{"rendered":"<p>O secret\u00e1rio de Educa\u00e7\u00e3o Superior do Minist\u00e9rio da Educa\u00e7\u00e3o (MEC), Arnaldo Lima, defendeu,&nbsp; nesta segunda-feira (19), uma nova distribui\u00e7\u00e3o de recursos da Uni\u00e3o para as&hellip; <\/p>\n","protected":false},"author":1,"featured_media":111215,"comment_status":"closed","ping_status":"closed","sticky":false,"template":"","format":"standard","meta":{"sfsi_plus_gutenberg_text_before_share":"","sfsi_plus_gutenberg_show_text_before_share":"","sfsi_plus_gutenberg_icon_type":"","sfsi_plus_gutenberg_icon_alignemt":"","sfsi_plus_gutenburg_max_per_row":"","footnotes":""},"categories":[14],"tags":[],"class_list":["post-111214","post","type-post","status-publish","format-standard","has-post-thumbnail","hentry","category-educacao"],"_links":{"self":[{"href":"https:\/\/www.caririemacao.com\/1\/wp-json\/wp\/v2\/posts\/111214","targetHints":{"allow":["GET"]}}],"collection":[{"href":"https:\/\/www.caririemacao.com\/1\/wp-json\/wp\/v2\/posts"}],"about":[{"href":"https:\/\/www.caririemacao.com\/1\/wp-json\/wp\/v2\/types\/post"}],"author":[{"embeddable":true,"href":"https:\/\/www.caririemacao.com\/1\/wp-json\/wp\/v2\/users\/1"}],"replies":[{"embeddable":true,"href":"https:\/\/www.caririemacao.com\/1\/wp-json\/wp\/v2\/comments?post=111214"}],"version-history":[{"count":1,"href":"https:\/\/www.caririemacao.com\/1\/wp-json\/wp\/v2\/posts\/111214\/revisions"}],"predecessor-version":[{"id":111216,"href":"https:\/\/www.caririemacao.com\/1\/wp-json\/wp\/v2\/posts\/111214\/revisions\/111216"}],"wp:featuredmedia":[{"embeddable":true,"href":"https:\/\/www.caririemacao.com\/1\/wp-json\/wp\/v2\/media\/111215"}],"wp:attachment":[{"href":"https:\/\/www.caririemacao.com\/1\/wp-json\/wp\/v2\/media?parent=111214"}],"wp:term":[{"taxonomy":"category","embeddable":true,"href":"https:\/\/www.caririemacao.com\/1\/wp-json\/wp\/v2\/categories?post=111214"},{"taxonomy":"post_tag","embeddable":true,"href":"https:\/\/www.caririemacao.com\/1\/wp-json\/wp\/v2\/tags?post=111214"}],"curies":[{"name":"wp","href":"https:\/\/api.w.org\/{rel}","templated":true}]}}