{"id":111220,"date":"2019-08-20T06:56:52","date_gmt":"2019-08-20T09:56:52","guid":{"rendered":"http:\/\/www.caririemacao.com\/1\/?p=111220"},"modified":"2019-08-20T06:56:52","modified_gmt":"2019-08-20T09:56:52","slug":"judo-brasileiro-e-promessa-de-medalha-no-parapan-americano","status":"publish","type":"post","link":"https:\/\/www.caririemacao.com\/1\/2019\/08\/20\/judo-brasileiro-e-promessa-de-medalha-no-parapan-americano\/","title":{"rendered":"Jud\u00f4 brasileiro \u00e9 promessa de medalha no Parapan-Americano"},"content":{"rendered":"\n<p>Falta menos de uma semana. Na pr\u00f3xima&nbsp;sexta&nbsp;(23), come\u00e7am os Jogos Parapan-Americanos de Lima. E uma modalidade na qual o Brasil tem a expectativa de conquistar muitas medalhas \u00e9 o jud\u00f4. Nesta edi\u00e7\u00e3o, o Brasil levar\u00e1 para a disputa 13 atletas dessa modalidade.<\/p>\n\n\n\n<p>Al\u00e9m de um retrospecto positivo em outras edi\u00e7\u00f5es do evento. A sele\u00e7\u00e3o brasileira realizou muitas fases de treinamento no decorrer de 2019, oportunidades nas quais refor\u00e7ou a prepara\u00e7\u00e3o e o interc\u00e2mbio entre novos valores e atletas mais experientes.<\/p>\n\n\n\n<p>Um exemplo de jovem atleta beneficiado pelo contato com mais experientes \u00e9 Giulia dos Santos. Segundo ela, o contato com colegas de quimono como Alana Maldonado e Ana L\u00facia \u00e9 especial:<\/p>\n\n\n\n<blockquote class=\"wp-block-quote is-layout-flow wp-block-quote-is-layout-flow\"><p>\u201cTrocamos experi\u00eancia de vida principalmente, pois ficamos muito tempo juntos. Ent\u00e3o acabamos nos tornando amigos para a vida. Me ajudaram desde o come\u00e7o. Isso \u00e9 uma experi\u00eancia incr\u00edvel\u201d.<\/p><\/blockquote>\n\n\n\n<h2 class=\"wp-block-heading\">Esperan\u00e7a de medalha<\/h2>\n\n\n\n<p>J\u00e1 entre os atletas mais experientes, o grande destaque \u00e9 Ant\u00f4nio Ten\u00f3rio. O judoca de 48 anos participou das 3 edi\u00e7\u00f5es do Parapan em que o jud\u00f4 esteve. E o brasileiro sempre foi ao p\u00f3dio, com um ouro em 2007, uma prata em 2011 e um bronze em 2015.<\/p>\n\n\n\n<p>E a expectativa para a atual edi\u00e7\u00e3o do evento n\u00e3o \u00e9 diferente, mesmo esperando dificuldades: \u201cA gente espera cruzar com Estados Unidos. J\u00e1 Cuba n\u00e3o sei se vai participar, mas se participar vem com bons judocas. S\u00e3o nossos dois maiores advers\u00e1rios. E eu pretendo estar entre os primeiros no p\u00f3dio\u201d.<\/p>\n\n\n\n<h2 class=\"wp-block-heading\">Poucas adapta\u00e7\u00f5es<\/h2>\n\n\n\n<p>O jud\u00f4 paral\u00edmpico tem poucas adapta\u00e7\u00f5es. Todos os atletas possuem alguma defici\u00eancia visual. Eles s\u00e3o classificados em B1, B2 e B3. A sigla B1 significa o atleta cego total. Os atletas B2 percebem vultos. E os judocas B3 conseguem definir imagens.<\/p>\n\n\n\n<p>Mas, apesar da classifica\u00e7\u00e3o pela defici\u00eancia, a divis\u00e3o das disputas \u00e9 por peso, igual ao jud\u00f4 convencional. Durante a luta os atletas come\u00e7am com a pegada j\u00e1 feita. E sempre que eles se separam o combate \u00e9 paralisado.&nbsp;<\/p>\n\n\n\n<p>Assista tamb\u00e9m no programa&nbsp;<a href=\"http:\/\/tvbrasil.ebc.com.br\/stadium\" target=\"_blank\" rel=\"noreferrer noopener\">Stadium<\/a>&nbsp;da TV Brasil:<\/p>\n\n\n\n<figure><iframe allowfullscreen=\"\" data-src=\"https:\/\/www.youtube.com\/embed\/YnM7oA7dvL4\" src=\"data:image\/svg+xml;base64,PHN2ZyB3aWR0aD0iMSIgaGVpZ2h0PSIxIiB4bWxucz0iaHR0cDovL3d3dy53My5vcmcvMjAwMC9zdmciPjwvc3ZnPg==\" class=\"lazyload\" data-load-mode=\"1\"><\/iframe><\/figure>\n","protected":false},"excerpt":{"rendered":"<p>Falta menos de uma semana. Na pr\u00f3xima&nbsp;sexta&nbsp;(23), come\u00e7am os Jogos Parapan-Americanos de Lima. E uma modalidade na qual o Brasil tem a expectativa de conquistar&hellip; <\/p>\n","protected":false},"author":1,"featured_media":111221,"comment_status":"closed","ping_status":"closed","sticky":false,"template":"","format":"standard","meta":{"sfsi_plus_gutenberg_text_before_share":"","sfsi_plus_gutenberg_show_text_before_share":"","sfsi_plus_gutenberg_icon_type":"","sfsi_plus_gutenberg_icon_alignemt":"","sfsi_plus_gutenburg_max_per_row":"","footnotes":""},"categories":[13],"tags":[],"class_list":["post-111220","post","type-post","status-publish","format-standard","has-post-thumbnail","hentry","category-esportes"],"_links":{"self":[{"href":"https:\/\/www.caririemacao.com\/1\/wp-json\/wp\/v2\/posts\/111220","targetHints":{"allow":["GET"]}}],"collection":[{"href":"https:\/\/www.caririemacao.com\/1\/wp-json\/wp\/v2\/posts"}],"about":[{"href":"https:\/\/www.caririemacao.com\/1\/wp-json\/wp\/v2\/types\/post"}],"author":[{"embeddable":true,"href":"https:\/\/www.caririemacao.com\/1\/wp-json\/wp\/v2\/users\/1"}],"replies":[{"embeddable":true,"href":"https:\/\/www.caririemacao.com\/1\/wp-json\/wp\/v2\/comments?post=111220"}],"version-history":[{"count":1,"href":"https:\/\/www.caririemacao.com\/1\/wp-json\/wp\/v2\/posts\/111220\/revisions"}],"predecessor-version":[{"id":111222,"href":"https:\/\/www.caririemacao.com\/1\/wp-json\/wp\/v2\/posts\/111220\/revisions\/111222"}],"wp:featuredmedia":[{"embeddable":true,"href":"https:\/\/www.caririemacao.com\/1\/wp-json\/wp\/v2\/media\/111221"}],"wp:attachment":[{"href":"https:\/\/www.caririemacao.com\/1\/wp-json\/wp\/v2\/media?parent=111220"}],"wp:term":[{"taxonomy":"category","embeddable":true,"href":"https:\/\/www.caririemacao.com\/1\/wp-json\/wp\/v2\/categories?post=111220"},{"taxonomy":"post_tag","embeddable":true,"href":"https:\/\/www.caririemacao.com\/1\/wp-json\/wp\/v2\/tags?post=111220"}],"curies":[{"name":"wp","href":"https:\/\/api.w.org\/{rel}","templated":true}]}}