{"id":111225,"date":"2019-08-20T07:05:03","date_gmt":"2019-08-20T10:05:03","guid":{"rendered":"http:\/\/www.caririemacao.com\/1\/?p=111225"},"modified":"2019-08-20T07:05:03","modified_gmt":"2019-08-20T10:05:03","slug":"secretaria-da-saude-atraves-do-esf-iipromovera-a-semana-da-saudeem-barreiras-de-caraubas","status":"publish","type":"post","link":"https:\/\/www.caririemacao.com\/1\/2019\/08\/20\/secretaria-da-saude-atraves-do-esf-iipromovera-a-semana-da-saudeem-barreiras-de-caraubas\/","title":{"rendered":"Secretaria da sa\u00fade atrav\u00e9s do ESF II,promover\u00e1 a semana da sa\u00fade,em Barreiras de Cara\u00fabas"},"content":{"rendered":"\n<p><br>A Prefeitura Municipal de Cara\u00fabas atrav\u00e9s da Secretaria da Sa\u00fade e por interm\u00e9dio da equipe da UBS do Estrat\u00e9gia de Sa\u00fade da Fam\u00edlia realizar\u00e1 no pr\u00f3ximo dia 22 de Agosto de 2019, a partir das 8h., no antigo pr\u00e9dio do Mercado P\u00fablico, no distrito de Barreiras, a semana da sa\u00fade que visa oferecer a popula\u00e7\u00e3o os principais servi\u00e7os da sa\u00fade p\u00fablica.De acordo com Claudiane Alves, diretora da UBSF do Distrito toda equipe j\u00e1 est\u00e1 mobilizada e pronta para a segunda edi\u00e7\u00e3o do que chamamos de Feira da Sa\u00fade, pois, estaremos ofertando a oportunidade da popula\u00e7\u00e3o auferir press\u00e3o arterial, glicemia capilar, orienta\u00e7\u00f5es de nutri\u00e7\u00e3o, odontologia, enfermagem, psicologia e educa\u00e7\u00e3o f\u00edsica, completou ela.O secret\u00e1rio da Sa\u00fade Leonardo Eneas, disse que estar\u00e1 presente dando total assist\u00eancia ao evento que de forma planejada tem oferecido o que j\u00e1 fazemos no dia-a-dia da sa\u00fade. Contudo, este dia \u00e9 especial porque todos ter\u00e3o a oportunidade de fazer a sua revis\u00e3o, principalmente, aqueles que por um motivo de for\u00e7a maior e at\u00e9 mesmo pela falta de tempo n\u00e3o tem frequentado a Unidade da Sa\u00fade.O prefeito Silvano Dudu disse que a id\u00e9ia j\u00e1 deu certo, pois, ano passado tivemos a visita e a participa\u00e7\u00e3o de muitas pessoas que acorreram aos servi\u00e7os da sa\u00fade. Estamos tendo a preocupa\u00e7\u00e3o de levar o m\u00e9dico, o cirurgi\u00e3o dentista, o enfermeiro e todos os demais profissionais ao encontro da popula\u00e7\u00e3o para que possam desfrutar de um dia diferente dos demais.Hoje estou muito feliz porque al\u00e9m do evento Semana da Sa\u00fade tamb\u00e9m estaremos oferecendo em parceria com o Governo do Estado da Para\u00edba, um dia de cidadania com a emiss\u00e3o de documentos importantes para o cidad\u00e3o como \u00e9 o caso das c\u00e9dulas de identidade, CPF e carteiras de trabalho. Nossa preocupa\u00e7\u00e3o sempre ser\u00e1 com a sa\u00fade, educa\u00e7\u00e3o e o social do nosso povo, concluiu o prefeito.\u00a0<\/p>\n","protected":false},"excerpt":{"rendered":"<p>A Prefeitura Municipal de Cara\u00fabas atrav\u00e9s da Secretaria da Sa\u00fade e por interm\u00e9dio da equipe da UBS do Estrat\u00e9gia de Sa\u00fade da Fam\u00edlia realizar\u00e1 no&hellip; <\/p>\n","protected":false},"author":1,"featured_media":111226,"comment_status":"closed","ping_status":"closed","sticky":false,"template":"","format":"standard","meta":{"sfsi_plus_gutenberg_text_before_share":"","sfsi_plus_gutenberg_show_text_before_share":"","sfsi_plus_gutenberg_icon_type":"","sfsi_plus_gutenberg_icon_alignemt":"","sfsi_plus_gutenburg_max_per_row":"","footnotes":""},"categories":[6],"tags":[],"class_list":["post-111225","post","type-post","status-publish","format-standard","has-post-thumbnail","hentry","category-cidades"],"_links":{"self":[{"href":"https:\/\/www.caririemacao.com\/1\/wp-json\/wp\/v2\/posts\/111225","targetHints":{"allow":["GET"]}}],"collection":[{"href":"https:\/\/www.caririemacao.com\/1\/wp-json\/wp\/v2\/posts"}],"about":[{"href":"https:\/\/www.caririemacao.com\/1\/wp-json\/wp\/v2\/types\/post"}],"author":[{"embeddable":true,"href":"https:\/\/www.caririemacao.com\/1\/wp-json\/wp\/v2\/users\/1"}],"replies":[{"embeddable":true,"href":"https:\/\/www.caririemacao.com\/1\/wp-json\/wp\/v2\/comments?post=111225"}],"version-history":[{"count":1,"href":"https:\/\/www.caririemacao.com\/1\/wp-json\/wp\/v2\/posts\/111225\/revisions"}],"predecessor-version":[{"id":111227,"href":"https:\/\/www.caririemacao.com\/1\/wp-json\/wp\/v2\/posts\/111225\/revisions\/111227"}],"wp:featuredmedia":[{"embeddable":true,"href":"https:\/\/www.caririemacao.com\/1\/wp-json\/wp\/v2\/media\/111226"}],"wp:attachment":[{"href":"https:\/\/www.caririemacao.com\/1\/wp-json\/wp\/v2\/media?parent=111225"}],"wp:term":[{"taxonomy":"category","embeddable":true,"href":"https:\/\/www.caririemacao.com\/1\/wp-json\/wp\/v2\/categories?post=111225"},{"taxonomy":"post_tag","embeddable":true,"href":"https:\/\/www.caririemacao.com\/1\/wp-json\/wp\/v2\/tags?post=111225"}],"curies":[{"name":"wp","href":"https:\/\/api.w.org\/{rel}","templated":true}]}}