{"id":111230,"date":"2019-08-20T07:15:53","date_gmt":"2019-08-20T10:15:53","guid":{"rendered":"http:\/\/www.caririemacao.com\/1\/?p=111230"},"modified":"2019-08-20T07:16:57","modified_gmt":"2019-08-20T10:16:57","slug":"entidades-estudantis-se-unem-em-defesa-da-transposicao-do-sao-francisco","status":"publish","type":"post","link":"https:\/\/www.caririemacao.com\/1\/2019\/08\/20\/entidades-estudantis-se-unem-em-defesa-da-transposicao-do-sao-francisco\/","title":{"rendered":"Entidades Estudantis se unem em defesa da transposi\u00e7\u00e3o do S\u00e3o Francisco"},"content":{"rendered":"\n<p>Nesta ter\u00e7a-feira dia 20 de Julho, entidades estudantis se reuniram na cidade de Monteiro-PB e decidiram aderir ao Ato em defesa da transposi\u00e7\u00e3o do Rio S\u00e3o Francisco.<br><\/p>\n\n\n\n<p>O presidente da Associa\u00e7\u00e3o Estudantil de Gr\u00eamios T\u00e9cnicos do IFPB, Levy Rodrigues, destacou a import\u00e2ncia da participa\u00e7\u00e3o dos estudantes como linha de frente no processo de lutas contra os desmontes do Governo Federal &#8221; A transposi\u00e7\u00e3o do rio S\u00e3o Francisco, al\u00e9m de \u00c1gua, tr\u00e1s esperan\u00e7a ao nosso povo que por muito tempo foi esquecido, o Governo Federal hoje tenta tirar de nois jovens estudantes a possibilidade de sonhar, mas lutam muito melhor aqueles que tem belos sonhos, \u00e9 preciso que cada vez mais possamos ocupar e Resistir como linha de frente no combate a esse projeto Neoliberal do Governo Federal&#8221;.<br><\/p>\n\n\n\n<p>O presidente da UMES-Sum\u00e9, Igor de Sousa, indagou que os estudantes Secundaristas s\u00e3o revolucion\u00e1rios por natureza, e que a UMES-Sum\u00e9 seguir\u00e1 cumprindo seu papel em defesa dos estudantes.<\/p>\n\n\n\n<figure class=\"wp-block-image\"><img fetchpriority=\"high\" decoding=\"async\" width=\"720\" height=\"476\" src=\"http:\/\/www.caririemacao.com\/1\/wp-content\/uploads\/2019\/08\/FB_IMG_1558657451884-1.jpg\" alt=\"\" class=\"wp-image-111233\" srcset=\"https:\/\/www.caririemacao.com\/1\/wp-content\/uploads\/2019\/08\/FB_IMG_1558657451884-1.jpg 720w, https:\/\/www.caririemacao.com\/1\/wp-content\/uploads\/2019\/08\/FB_IMG_1558657451884-1-300x198.jpg 300w\" sizes=\"(max-width: 720px) 100vw, 720px\" \/><\/figure>\n\n\n\n<p>Participaram da Reuni\u00e3o as seguintes entidades:<\/p>\n\n\n\n<p>Igor de Sousa Teixeira <br>Presidente da UMES-Sum\u00e9<\/p>\n\n\n\n<p>Leandro Levy Ferreira Rodrigues<br>Presidente da ASSEGT-IFPB<\/p>\n\n\n\n<p>Nathanaelly Silva<br>Presidenta da UMES- Monteiro<\/p>\n\n\n\n<p>Laryssa Mar\u00edlia<br>Presidenta do CA de Odontologia da UFCG<\/p>\n\n\n\n<p>Wellington de Souza<br>Presidente da UPES\/PB<\/p>\n\n\n\n<p><\/p>\n\n\n\n<p>CARIRI EM A\u00c7\u00c3O<\/p>\n","protected":false},"excerpt":{"rendered":"<p>Nesta ter\u00e7a-feira dia 20 de Julho, entidades estudantis se reuniram na cidade de Monteiro-PB e decidiram aderir ao Ato em defesa da transposi\u00e7\u00e3o do Rio&hellip; <\/p>\n","protected":false},"author":1,"featured_media":111232,"comment_status":"closed","ping_status":"closed","sticky":false,"template":"","format":"standard","meta":{"sfsi_plus_gutenberg_text_before_share":"","sfsi_plus_gutenberg_show_text_before_share":"","sfsi_plus_gutenberg_icon_type":"","sfsi_plus_gutenberg_icon_alignemt":"","sfsi_plus_gutenburg_max_per_row":"","footnotes":""},"categories":[50,2],"tags":[],"class_list":["post-111230","post","type-post","status-publish","format-standard","has-post-thumbnail","hentry","category-destaque","category-geral"],"_links":{"self":[{"href":"https:\/\/www.caririemacao.com\/1\/wp-json\/wp\/v2\/posts\/111230","targetHints":{"allow":["GET"]}}],"collection":[{"href":"https:\/\/www.caririemacao.com\/1\/wp-json\/wp\/v2\/posts"}],"about":[{"href":"https:\/\/www.caririemacao.com\/1\/wp-json\/wp\/v2\/types\/post"}],"author":[{"embeddable":true,"href":"https:\/\/www.caririemacao.com\/1\/wp-json\/wp\/v2\/users\/1"}],"replies":[{"embeddable":true,"href":"https:\/\/www.caririemacao.com\/1\/wp-json\/wp\/v2\/comments?post=111230"}],"version-history":[{"count":3,"href":"https:\/\/www.caririemacao.com\/1\/wp-json\/wp\/v2\/posts\/111230\/revisions"}],"predecessor-version":[{"id":111237,"href":"https:\/\/www.caririemacao.com\/1\/wp-json\/wp\/v2\/posts\/111230\/revisions\/111237"}],"wp:featuredmedia":[{"embeddable":true,"href":"https:\/\/www.caririemacao.com\/1\/wp-json\/wp\/v2\/media\/111232"}],"wp:attachment":[{"href":"https:\/\/www.caririemacao.com\/1\/wp-json\/wp\/v2\/media?parent=111230"}],"wp:term":[{"taxonomy":"category","embeddable":true,"href":"https:\/\/www.caririemacao.com\/1\/wp-json\/wp\/v2\/categories?post=111230"},{"taxonomy":"post_tag","embeddable":true,"href":"https:\/\/www.caririemacao.com\/1\/wp-json\/wp\/v2\/tags?post=111230"}],"curies":[{"name":"wp","href":"https:\/\/api.w.org\/{rel}","templated":true}]}}