{"id":111239,"date":"2019-08-20T07:24:39","date_gmt":"2019-08-20T10:24:39","guid":{"rendered":"http:\/\/www.caririemacao.com\/1\/?p=111239"},"modified":"2019-08-20T07:24:39","modified_gmt":"2019-08-20T10:24:39","slug":"homossexual-e-morto-com-facada-no-pescoco-em-arcoverde-e-suspeito-e-preso-pela-policia","status":"publish","type":"post","link":"https:\/\/www.caririemacao.com\/1\/2019\/08\/20\/homossexual-e-morto-com-facada-no-pescoco-em-arcoverde-e-suspeito-e-preso-pela-policia\/","title":{"rendered":"Homossexual \u00e9 morto com facada no pesco\u00e7o em Arcoverde e suspeito \u00e9 preso pela pol\u00edcia"},"content":{"rendered":"\n<p>O homossexual foi identificado como&nbsp;<em>Edmilton da Silva<\/em>, de 22 anos, ele foi encontrado ensanguentado ca\u00eddo em uma cal\u00e7ada, v\u00edtima de arma branca. Uma equipe do Corpo de Bombeiros ainda foi acionada mais o mesmo faleceu no local.<\/p>\n\n\n\n<p>Segundo testemunhas, a v\u00edtima tinha iniciado uma discuss\u00e3o com uma mulher em frente ao Bar da Gaiola e entraram em luta corporal nas proximidades do posto de gasolina NSA, quando o suspeito se aproximou com uma faca e o golpeou no pesco\u00e7o, ap\u00f3s o crime o suspeito fugiu do local.<br><\/p>\n\n\n\n<h3 class=\"wp-block-heading\">Pris\u00e3o do suspeito<\/h3>\n\n\n\n<p>De acordo com a Pol\u00edcia Militar, ap\u00f3s levantamento de informa\u00e7\u00f5es sobre o caso e com auxilio de testemunhas e c\u00e2meras de monitoramento pr\u00f3ximas ao local do crime, o policiamento recebeu liga\u00e7\u00f5es an\u00f4nimas que o suspeito de 21 anos, estaria escondido em uma constru\u00e7\u00e3o na Rua EL Salvador, no JK.<\/p>\n\n\n\n<p>A pol\u00edcia ainda teve que arrombar a constru\u00e7\u00e3o que estava fechada para capturar o suspeito que foi localizado deitado em meio a vegeta\u00e7\u00e3o. O mesmo negou a autoria do crime mais depois assumiu ser o autor, foi dada a voz de pris\u00e3o pela a pr\u00e1tica do homic\u00eddio. Ainda no local, o mesmo foi perguntado onde estaria a arma do crime, o qual afirmou ter jogado em um local pr\u00f3ximo a cena do crime.<\/p>\n\n\n\n<p>O policiamento foi ate o local indicado, por\u00e9m a faca n\u00e3o foi localizada, pois era um local de grande movimenta\u00e7\u00e3o de pessoas. O suspeito foi apresentado a delegacia de Arcoverde, onde foi autuado em flagrante delito e posteriormente ser\u00e1 apresentado em audi\u00eancia de custodia.<\/p>\n\n\n\n<p>Portal de Not\u00edcias M\u00eddia em A\u00e7\u00e3o<\/p>\n","protected":false},"excerpt":{"rendered":"<p>O homossexual foi identificado como&nbsp;Edmilton da Silva, de 22 anos, ele foi encontrado ensanguentado ca\u00eddo em uma cal\u00e7ada, v\u00edtima de arma branca. Uma equipe do&hellip; <\/p>\n","protected":false},"author":1,"featured_media":111240,"comment_status":"closed","ping_status":"closed","sticky":false,"template":"","format":"standard","meta":{"sfsi_plus_gutenberg_text_before_share":"","sfsi_plus_gutenberg_show_text_before_share":"","sfsi_plus_gutenberg_icon_type":"","sfsi_plus_gutenberg_icon_alignemt":"","sfsi_plus_gutenburg_max_per_row":"","footnotes":""},"categories":[12],"tags":[],"class_list":["post-111239","post","type-post","status-publish","format-standard","has-post-thumbnail","hentry","category-policia"],"_links":{"self":[{"href":"https:\/\/www.caririemacao.com\/1\/wp-json\/wp\/v2\/posts\/111239","targetHints":{"allow":["GET"]}}],"collection":[{"href":"https:\/\/www.caririemacao.com\/1\/wp-json\/wp\/v2\/posts"}],"about":[{"href":"https:\/\/www.caririemacao.com\/1\/wp-json\/wp\/v2\/types\/post"}],"author":[{"embeddable":true,"href":"https:\/\/www.caririemacao.com\/1\/wp-json\/wp\/v2\/users\/1"}],"replies":[{"embeddable":true,"href":"https:\/\/www.caririemacao.com\/1\/wp-json\/wp\/v2\/comments?post=111239"}],"version-history":[{"count":1,"href":"https:\/\/www.caririemacao.com\/1\/wp-json\/wp\/v2\/posts\/111239\/revisions"}],"predecessor-version":[{"id":111241,"href":"https:\/\/www.caririemacao.com\/1\/wp-json\/wp\/v2\/posts\/111239\/revisions\/111241"}],"wp:featuredmedia":[{"embeddable":true,"href":"https:\/\/www.caririemacao.com\/1\/wp-json\/wp\/v2\/media\/111240"}],"wp:attachment":[{"href":"https:\/\/www.caririemacao.com\/1\/wp-json\/wp\/v2\/media?parent=111239"}],"wp:term":[{"taxonomy":"category","embeddable":true,"href":"https:\/\/www.caririemacao.com\/1\/wp-json\/wp\/v2\/categories?post=111239"},{"taxonomy":"post_tag","embeddable":true,"href":"https:\/\/www.caririemacao.com\/1\/wp-json\/wp\/v2\/tags?post=111239"}],"curies":[{"name":"wp","href":"https:\/\/api.w.org\/{rel}","templated":true}]}}