{"id":111244,"date":"2019-08-20T07:30:31","date_gmt":"2019-08-20T10:30:31","guid":{"rendered":"http:\/\/www.caririemacao.com\/1\/?p=111244"},"modified":"2019-08-20T07:30:31","modified_gmt":"2019-08-20T10:30:31","slug":"liderancas-da-regiao-do-cariri-confirmam-participacao-em-ato-em-defesa-da-transposicao","status":"publish","type":"post","link":"https:\/\/www.caririemacao.com\/1\/2019\/08\/20\/liderancas-da-regiao-do-cariri-confirmam-participacao-em-ato-em-defesa-da-transposicao\/","title":{"rendered":"Lideran\u00e7as da regi\u00e3o do Cariri confirmam participa\u00e7\u00e3o em ato em defesa da Transposi\u00e7\u00e3o"},"content":{"rendered":"\n<p>Prefeitos e vereadores de diversos munic\u00edpios do Cariri confirmaram presen\u00e7a no ato SOS Transposi\u00e7\u00e3o, que ser\u00e1 realizado no domingo (1\u00ba de setembro), em Monteiro. Inaugurada em mar\u00e7o de 2017, a transposi\u00e7\u00e3o vinha abastecendo at\u00e9 o m\u00eas de fevereiro 31 munic\u00edpios do Cariri e Campina Grande, mas o bombeamento foi suspenso pelo governo Federal.<\/p>\n\n\n\n<p>Os prefeitos Eden Duarte (Sum\u00e9), Silvano Dudu (Cara\u00fabas),Tiago Castro (Cabaceiras), C\u00e9lio Barbosa (S\u00e3o Jo\u00e3o do Tigre), Adriano Wolff (S\u00e3o Sebasti\u00e3o do Umbuzeiro), Celecileno, prefeito em exerc\u00edcio de Monteiro, entre outros, j\u00e1 confirmaram presen\u00e7a no ato.<\/p>\n\n\n\n<p>O prefeito Eden Duarte convocou a popula\u00e7\u00e3o do Cariri e da Para\u00edba sair de suas casas em defesa da Transposi\u00e7\u00e3o do Rio S\u00e3o Francisco. \u201cN\u00f3s de Sum\u00e9 sabemos da import\u00e2ncia da transposi\u00e7\u00e3o para o desenvolvimento econ\u00f4mico, social e agr\u00edcola e para garantir \u00e1gua popula\u00e7\u00e3o como vinha ocorrendo at\u00e9 fevereiro\u201d.<\/p>\n\n\n\n<p>\u201cVamos pedir socorro para que o Governo Federal possa olhar com maior cuidado os problemas da obra e que n\u00e3o percamos essa grande conquista. Assim como comemoramos a chegada das \u00e1guas em 2017. Vamos cobrar para que ela possa chegar novamente ao Rio Para\u00edba, em Monteiro, e levar \u00e1gua aos munic\u00edpios\u201d, completou Eden.<\/p>\n\n\n\n<p><strong>Grito do Nordeste<\/strong><\/p>\n\n\n\n<p>O ex-governador Ricardo Coutinho lan\u00e7ou o movimento intitulado \u201cSOS Transposi\u00e7\u00e3o\u201d que ser\u00e1 realizado, \u00e0s 10h do dia 1\u00ba de setembro, no munic\u00edpio de Monteiro, na Regi\u00e3o do Cariri paraibano, contra a paralisa\u00e7\u00e3o das obras da transposi\u00e7\u00e3o do Rio S\u00e3o Francisco. O evento foi batizado como \u2018SOS Transposi\u00e7\u00e3o: Grito do Nordeste\u2019.<\/p>\n\n\n\n<p>\u201cO Brasil est\u00e1 convidado. N\u00e3o aceitaremos que destruam a transposi\u00e7\u00e3o do S\u00e3o Francisco. Novamente, Monteiro ser\u00e1 a capital da Luta do povo brasileiro\u201d, afirmou Ricardo numa refer\u00eancia \u00e0 passagem dos ex-presidentes Lula e Dilma pela cidade em 2017\u201d.<\/p>\n","protected":false},"excerpt":{"rendered":"<p>Prefeitos e vereadores de diversos munic\u00edpios do Cariri confirmaram presen\u00e7a no ato SOS Transposi\u00e7\u00e3o, que ser\u00e1 realizado no domingo (1\u00ba de setembro), em Monteiro. Inaugurada&hellip; <\/p>\n","protected":false},"author":1,"featured_media":111245,"comment_status":"closed","ping_status":"closed","sticky":false,"template":"","format":"standard","meta":{"sfsi_plus_gutenberg_text_before_share":"","sfsi_plus_gutenberg_show_text_before_share":"","sfsi_plus_gutenberg_icon_type":"","sfsi_plus_gutenberg_icon_alignemt":"","sfsi_plus_gutenburg_max_per_row":"","footnotes":""},"categories":[11],"tags":[],"class_list":["post-111244","post","type-post","status-publish","format-standard","has-post-thumbnail","hentry","category-politica"],"_links":{"self":[{"href":"https:\/\/www.caririemacao.com\/1\/wp-json\/wp\/v2\/posts\/111244","targetHints":{"allow":["GET"]}}],"collection":[{"href":"https:\/\/www.caririemacao.com\/1\/wp-json\/wp\/v2\/posts"}],"about":[{"href":"https:\/\/www.caririemacao.com\/1\/wp-json\/wp\/v2\/types\/post"}],"author":[{"embeddable":true,"href":"https:\/\/www.caririemacao.com\/1\/wp-json\/wp\/v2\/users\/1"}],"replies":[{"embeddable":true,"href":"https:\/\/www.caririemacao.com\/1\/wp-json\/wp\/v2\/comments?post=111244"}],"version-history":[{"count":1,"href":"https:\/\/www.caririemacao.com\/1\/wp-json\/wp\/v2\/posts\/111244\/revisions"}],"predecessor-version":[{"id":111246,"href":"https:\/\/www.caririemacao.com\/1\/wp-json\/wp\/v2\/posts\/111244\/revisions\/111246"}],"wp:featuredmedia":[{"embeddable":true,"href":"https:\/\/www.caririemacao.com\/1\/wp-json\/wp\/v2\/media\/111245"}],"wp:attachment":[{"href":"https:\/\/www.caririemacao.com\/1\/wp-json\/wp\/v2\/media?parent=111244"}],"wp:term":[{"taxonomy":"category","embeddable":true,"href":"https:\/\/www.caririemacao.com\/1\/wp-json\/wp\/v2\/categories?post=111244"},{"taxonomy":"post_tag","embeddable":true,"href":"https:\/\/www.caririemacao.com\/1\/wp-json\/wp\/v2\/tags?post=111244"}],"curies":[{"name":"wp","href":"https:\/\/api.w.org\/{rel}","templated":true}]}}