{"id":111249,"date":"2019-08-20T12:55:55","date_gmt":"2019-08-20T15:55:55","guid":{"rendered":"http:\/\/www.caririemacao.com\/1\/?p=111249"},"modified":"2019-08-20T12:55:55","modified_gmt":"2019-08-20T15:55:55","slug":"prefeitura-de-sao-jose-dos-cordeiros-abre-inscricoes-para-interessados-em-comercializar-no-xi-festival-do-mel","status":"publish","type":"post","link":"https:\/\/www.caririemacao.com\/1\/2019\/08\/20\/prefeitura-de-sao-jose-dos-cordeiros-abre-inscricoes-para-interessados-em-comercializar-no-xi-festival-do-mel\/","title":{"rendered":"Prefeitura de S\u00e3o Jos\u00e9 dos Cordeiros abre inscri\u00e7\u00f5es para interessados em comercializar no XI Festival do Mel"},"content":{"rendered":"\n<div class=\"wp-block-image\"><figure class=\"aligncenter\"><img decoding=\"async\" data-src=\"http:\/\/deolhonocariri.com.br\/wp-content\/uploads\/2018\/08\/festival_mel_2016_ultimodia-600x338.jpg\" alt=\"\" class=\"wp-image-56183 lazyload\" src=\"data:image\/svg+xml;base64,PHN2ZyB3aWR0aD0iMSIgaGVpZ2h0PSIxIiB4bWxucz0iaHR0cDovL3d3dy53My5vcmcvMjAwMC9zdmciPjwvc3ZnPg==\" style=\"--smush-placeholder-width: 600px; --smush-placeholder-aspect-ratio: 600\/338;\" \/><\/figure><\/div>\n\n\n\n<p>A Prefeitura de S\u00e3o Jos\u00e9 dos Cordeiros est\u00e1 ultimando os preparativos para o XI Festival do Mel, que acontece de 29 a 31 de agosto. Atrav\u00e9s da Secretaria de Assist\u00eancia Social, foi publicado um edital de chamada p\u00fablica para credenciamento de barraqueiros que desejam comercializar durante o evento.<\/p>\n\n\n\n<p><strong><a href=\"http:\/\/www.saojosedoscordeiros.pb.gov.br\/documentos\/editais\/004_2019_4JQ9DOLM44C6IZH.pdf\" target=\"_blank\" rel=\"noreferrer noopener\">CONFIRA O EDITAL E FICHA DE CADASTRAMENTO<\/a><\/strong><\/p>\n\n\n\n<p>De acordo com o edital, as inscri\u00e7\u00f5es devem ser feitas apenas desta ter\u00e7a-feira, dia 20 de agosto, a quinta-feira, dia 22. Os interessados devem apresentar c\u00f3pias do RG, CPF, comprovante de resid\u00eancia e ficha cadastral devidamente preenchida e assinada. Os documentos devem ser entregues na sede da Secretaria de Assist\u00eancia Social nos hor\u00e1rios das 08 \u00e0s 11h30 e das 14h \u00e0s 17hrs.<\/p>\n\n\n\n<p>No total, ser\u00e3o disponibilizados 10 postos comerciais, que ser\u00e3o instalados \u00e0 Rua Batista Cordeiro, ao lado do mercado p\u00fablico. Em caso de haver mais de 10 inscri\u00e7\u00f5es, ser\u00e1 realizado um sorteio entre os cadastrados, no dia 23 de agosto, na sede do CRAS a partir das 14hrs. Na oportunidade ainda ser\u00e3o sorteados as respectivas numera\u00e7\u00f5es dos pontos de vendas.<\/p>\n\n\n\n<p>O prefeito Jefferson Roberto refor\u00e7a que quem n\u00e3o fizer o cadastramento \u201cN\u00c3O\u201d poder\u00e1 colocar ponto de comercializa\u00e7\u00e3o no Festival do Mel. Os barraqueiros ainda pagar\u00e3o uma taxa de utiliza\u00e7\u00e3o do espa\u00e7o no valor de R$ 100,00, a ser pago at\u00e9 o dia 26 de agosto.<\/p>\n\n\n\n<p><strong>Recipientes de vidro<\/strong><\/p>\n\n\n\n<p>A Prefeitura de S\u00e3o Jos\u00e9 dos Cordeiros, organizadora do Festival do Mel, avisa ainda que este ano n\u00e3o ser\u00e1 permitida a comercializa\u00e7\u00e3o de bebida em recipientes de vidro. O espa\u00e7o da festa ser\u00e1 fechado e uma equipe de seguran\u00e7as estar\u00e1 revistando os participantes e impedindo a entrada com garrafas de vidro.<\/p>\n","protected":false},"excerpt":{"rendered":"<p>A Prefeitura de S\u00e3o Jos\u00e9 dos Cordeiros est\u00e1 ultimando os preparativos para o XI Festival do Mel, que acontece de 29 a 31 de agosto.&hellip; <\/p>\n","protected":false},"author":1,"featured_media":111250,"comment_status":"closed","ping_status":"closed","sticky":false,"template":"","format":"standard","meta":{"sfsi_plus_gutenberg_text_before_share":"","sfsi_plus_gutenberg_show_text_before_share":"","sfsi_plus_gutenberg_icon_type":"","sfsi_plus_gutenberg_icon_alignemt":"","sfsi_plus_gutenburg_max_per_row":"","footnotes":""},"categories":[2],"tags":[],"class_list":["post-111249","post","type-post","status-publish","format-standard","has-post-thumbnail","hentry","category-geral"],"_links":{"self":[{"href":"https:\/\/www.caririemacao.com\/1\/wp-json\/wp\/v2\/posts\/111249","targetHints":{"allow":["GET"]}}],"collection":[{"href":"https:\/\/www.caririemacao.com\/1\/wp-json\/wp\/v2\/posts"}],"about":[{"href":"https:\/\/www.caririemacao.com\/1\/wp-json\/wp\/v2\/types\/post"}],"author":[{"embeddable":true,"href":"https:\/\/www.caririemacao.com\/1\/wp-json\/wp\/v2\/users\/1"}],"replies":[{"embeddable":true,"href":"https:\/\/www.caririemacao.com\/1\/wp-json\/wp\/v2\/comments?post=111249"}],"version-history":[{"count":1,"href":"https:\/\/www.caririemacao.com\/1\/wp-json\/wp\/v2\/posts\/111249\/revisions"}],"predecessor-version":[{"id":111251,"href":"https:\/\/www.caririemacao.com\/1\/wp-json\/wp\/v2\/posts\/111249\/revisions\/111251"}],"wp:featuredmedia":[{"embeddable":true,"href":"https:\/\/www.caririemacao.com\/1\/wp-json\/wp\/v2\/media\/111250"}],"wp:attachment":[{"href":"https:\/\/www.caririemacao.com\/1\/wp-json\/wp\/v2\/media?parent=111249"}],"wp:term":[{"taxonomy":"category","embeddable":true,"href":"https:\/\/www.caririemacao.com\/1\/wp-json\/wp\/v2\/categories?post=111249"},{"taxonomy":"post_tag","embeddable":true,"href":"https:\/\/www.caririemacao.com\/1\/wp-json\/wp\/v2\/tags?post=111249"}],"curies":[{"name":"wp","href":"https:\/\/api.w.org\/{rel}","templated":true}]}}