{"id":111253,"date":"2019-08-20T13:08:30","date_gmt":"2019-08-20T16:08:30","guid":{"rendered":"http:\/\/www.caririemacao.com\/1\/?p=111253"},"modified":"2019-08-20T13:08:30","modified_gmt":"2019-08-20T16:08:30","slug":"sequestrador-e-morto-policia-libera-refens-e-encerra-sequestro-de-onibus","status":"publish","type":"post","link":"https:\/\/www.caririemacao.com\/1\/2019\/08\/20\/sequestrador-e-morto-policia-libera-refens-e-encerra-sequestro-de-onibus\/","title":{"rendered":"Sequestrador \u00e9 morto, pol\u00edcia libera ref\u00e9ns e encerra sequestro de \u00f4nibus"},"content":{"rendered":"\n<p><\/p>\n\n\n\n<p>A Pol\u00edcia Militar do Rio de Janeiro encerrou o sequestro do \u00f4nibus na Ponte Rio-Niter\u00f3i com a libera\u00e7\u00e3o dos 22 ref\u00e9ns, ap\u00f3s pouco mais de tr\u00eas horas de dura\u00e7\u00e3o. O sequestrador identificado como Willian Augusto da Silva, 20, morreu na opera\u00e7\u00e3o atingido por disparos de um atirador de elite. A informa\u00e7\u00e3o foi confirmada pela PM e pela secretaria municipal de Sa\u00fade.<\/p>\n\n\n\n<p>&#8220;Paciente chegou em parada cardiorrespirat\u00f3ria e foi constatado o \u00f3bito pela equipe m\u00e9dica do hospital&#8221;, informou a secretaria municipal de Sa\u00fade.<\/p>\n\n\n\n<p>&nbsp;sequestrador chegou ao hospital por volta das 9h30 de hoje. Acompanhado de dois param\u00e9dicos, Willian estava numa maca, coberto por uma manta t\u00e9rmica e com um bal\u00e3o de ar. Segundo o sargento M Pontes, o homem chegou vivo ao hospital, mas a secretaria confirmou a morte minutos depois.<\/p>\n\n\n\n<p>Porta-voz da PM, o coronel Mauro Fliess disse que a a\u00e7\u00e3o foi a \u00fanica poss\u00edvel para preservar as vidas dos ref\u00e9ns. &#8220;A opera\u00e7\u00e3o foi um sucesso. O objetivo desejado era preservar todas as vidas, mas infelizmente ele n\u00e3o nos deixou outra op\u00e7\u00e3o. Foi necess\u00e1rio disparar contra ele para preservar a vida de inocentes&#8221;, informou o coronel ao&nbsp;<strong>UOL<\/strong>.<\/p>\n\n\n\n<p>Em mensagem no Twitter, a Pol\u00edcia Militar do Rio informou que o &#8220;tomador de ref\u00e9m foi neutralizado por um atirador de precis\u00e3o do Bope e todos os ref\u00e9ns foram libertados ilesos&#8221;.<\/p>\n\n\n\n<figure><iframe data-src=\"https:\/\/d-3445632699550020463.ampproject.net\/1908162035200\/frame.html\" width=\"486\" height=\"657\" allowfullscreen=\"true\" src=\"data:image\/svg+xml;base64,PHN2ZyB3aWR0aD0iMSIgaGVpZ2h0PSIxIiB4bWxucz0iaHR0cDovL3d3dy53My5vcmcvMjAwMC9zdmciPjwvc3ZnPg==\" class=\"lazyload\" data-load-mode=\"1\"><\/iframe><\/figure>\n\n\n\n<h3 class=\"wp-block-heading\">Todos os 22 ref\u00e9ns est\u00e3o ilesos, diz PM<\/h3>\n\n\n\n<p>Willian Augusto da Silva manteve 22 pessoas ref\u00e9ns por mais de tr\u00eas horas no sentido Rio de Janeiro da ponte que liga a capital fluminense \u00e0 Niter\u00f3i. Antes da a\u00e7\u00e3o policial, seis ref\u00e9ns j\u00e1 haviam sido liberados. De acordo com a PM, todos os ref\u00e9ns est\u00e3o ilesos.<\/p>\n\n\n\n<p>Ainda n\u00e3o se sabe as motiva\u00e7\u00f5es do homem, que de acordo com a PRF tinha em seu poder um rev\u00f3lver 38, um taser (aparelho de choque), uma faca e um gal\u00e3o de gasolina. A Pol\u00edcia Militar alega que ele estava apenas com uma arma de brinquedo.<\/p>\n\n\n\n<p>Imagens mostram Willian deixando o \u00f4nibus para atirar um objeto. Em seguida, s\u00e3o ouvidos disparos, e o suspeito cai ao lado do ve\u00edculo. Ap\u00f3s a a\u00e7\u00e3o, uma ambul\u00e2ncia foi levada para o local. Um pano vermelho foi colocado no local para evitar imagens.<\/p>\n\n\n\n<p>Ao final da opera\u00e7\u00e3o, um atirador de elite fez um sinal de positivo e houve comemora\u00e7\u00e3o.<\/p>\n\n\n\n<figure><iframe data-src=\"https:\/\/d-3445632699550020463.ampproject.net\/1908162035200\/frame.html\" width=\"486\" height=\"657\" allowfullscreen=\"true\" src=\"data:image\/svg+xml;base64,PHN2ZyB3aWR0aD0iMSIgaGVpZ2h0PSIxIiB4bWxucz0iaHR0cDovL3d3dy53My5vcmcvMjAwMC9zdmciPjwvc3ZnPg==\" class=\"lazyload\" data-load-mode=\"1\"><\/iframe><\/figure>\n\n\n\n<h3 class=\"wp-block-heading\">O sequestro<\/h3>\n\n\n\n<p>\u00c0s 5h30, o suspeito anunciou sequestro aos passageiros do \u00f4nibus da Via\u00e7\u00e3o Galo Branco, que fazia o trajeto entre o Jardim Alc\u00e2ntara, no munic\u00edpio de S\u00e3o Gon\u00e7alo, e o bairro do Est\u00e1cio, no centro do Rio. Cerca de uma hora depois, ele atirou um objeto pegando fogo, espalhou gasolina pelo ve\u00edculo e passou a amea\u00e7ar incendiar tudo. As duas primeiras ref\u00e9ns foram liberadas.<\/p>\n\n\n\n<p>O Batalh\u00e3o de Opera\u00e7\u00e3o Policiais Especiais (BOPE) chegou ao local por volta das 7h e assumiu o comando das negocia\u00e7\u00f5es atendendo a uma exig\u00eancia do sequestrador. As conversas haviam sido iniciadas pela PRF. Willian passou a liberar um ref\u00e9m em intervalos de 20 a 30 minutos. Ao mesmo tempo, foi feito o bloqueio total da Ponte Rio-Niter\u00f3i e parte do guard-rail passou a ser retirada para que os carros presos no local deixassem a via.<\/p>\n\n\n\n<p>Por volta das 8h20, uma ref\u00e9m foi liberada pelo sequestrador e desmaiou logo ap\u00f3s deixar o \u00f4nibus. Imagens da TV mostraram a mulher sendo atendida pelos policiais. \u00c0s 9h05, o sequestrador desceu do \u00f4nibus, atirou um objeto que parecia ser uma mochila e caiu ao lado do ve\u00edculo logo ap\u00f3s serem ouvidos disparos. Em seguida, a pol\u00edcia liberou o restante dos ref\u00e9ns que ainda estavam no \u00f4nibus.<\/p>\n\n\n\n<p><br><\/p>\n","protected":false},"excerpt":{"rendered":"<p>A Pol\u00edcia Militar do Rio de Janeiro encerrou o sequestro do \u00f4nibus na Ponte Rio-Niter\u00f3i com a libera\u00e7\u00e3o dos 22 ref\u00e9ns, ap\u00f3s pouco mais de&hellip; <\/p>\n","protected":false},"author":1,"featured_media":105260,"comment_status":"closed","ping_status":"closed","sticky":false,"template":"","format":"standard","meta":{"sfsi_plus_gutenberg_text_before_share":"","sfsi_plus_gutenberg_show_text_before_share":"","sfsi_plus_gutenberg_icon_type":"","sfsi_plus_gutenberg_icon_alignemt":"","sfsi_plus_gutenburg_max_per_row":"","footnotes":""},"categories":[2],"tags":[],"class_list":["post-111253","post","type-post","status-publish","format-standard","has-post-thumbnail","hentry","category-geral"],"_links":{"self":[{"href":"https:\/\/www.caririemacao.com\/1\/wp-json\/wp\/v2\/posts\/111253","targetHints":{"allow":["GET"]}}],"collection":[{"href":"https:\/\/www.caririemacao.com\/1\/wp-json\/wp\/v2\/posts"}],"about":[{"href":"https:\/\/www.caririemacao.com\/1\/wp-json\/wp\/v2\/types\/post"}],"author":[{"embeddable":true,"href":"https:\/\/www.caririemacao.com\/1\/wp-json\/wp\/v2\/users\/1"}],"replies":[{"embeddable":true,"href":"https:\/\/www.caririemacao.com\/1\/wp-json\/wp\/v2\/comments?post=111253"}],"version-history":[{"count":1,"href":"https:\/\/www.caririemacao.com\/1\/wp-json\/wp\/v2\/posts\/111253\/revisions"}],"predecessor-version":[{"id":111254,"href":"https:\/\/www.caririemacao.com\/1\/wp-json\/wp\/v2\/posts\/111253\/revisions\/111254"}],"wp:featuredmedia":[{"embeddable":true,"href":"https:\/\/www.caririemacao.com\/1\/wp-json\/wp\/v2\/media\/105260"}],"wp:attachment":[{"href":"https:\/\/www.caririemacao.com\/1\/wp-json\/wp\/v2\/media?parent=111253"}],"wp:term":[{"taxonomy":"category","embeddable":true,"href":"https:\/\/www.caririemacao.com\/1\/wp-json\/wp\/v2\/categories?post=111253"},{"taxonomy":"post_tag","embeddable":true,"href":"https:\/\/www.caririemacao.com\/1\/wp-json\/wp\/v2\/tags?post=111253"}],"curies":[{"name":"wp","href":"https:\/\/api.w.org\/{rel}","templated":true}]}}