{"id":111264,"date":"2019-08-20T13:20:04","date_gmt":"2019-08-20T16:20:04","guid":{"rendered":"http:\/\/www.caririemacao.com\/1\/?p=111264"},"modified":"2019-08-20T13:20:04","modified_gmt":"2019-08-20T16:20:04","slug":"marinho-reforma-da-previdencia-pode-recuperar-confianca-na-economia","status":"publish","type":"post","link":"https:\/\/www.caririemacao.com\/1\/2019\/08\/20\/marinho-reforma-da-previdencia-pode-recuperar-confianca-na-economia\/","title":{"rendered":"Marinho: reforma da Previd\u00eancia pode recuperar confian\u00e7a na economia"},"content":{"rendered":"\n<p>O \u00a0secret\u00e1rio especial de Trabalho e Previd\u00eancia do Minist\u00e9rio da Economia, Rog\u00e9rio Marinho, disse hoje (20) que a reforma da Previd\u00eancia \u00e9 necess\u00e1ria para recuperar a confian\u00e7a na economia do pa\u00eds e assim, haver retomada do crescimento. Ele chamou de \u201ccat\u00e1strofe\u201d o crescimento do Produto Interno Bruto (PIB), soma de todos os bens e servi\u00e7os do pa\u00eds, abaixo de 1% nos \u00faltimos 4 anos.\u201cN\u00e3o ser\u00e1 a reforma do sistema previdenci\u00e1rio que vai gerar emprego, renda e oportunidades no Brasil. Mas alguma coisa se quebrou nesse pa\u00eds que foi a confian\u00e7a das pessoas e isso temos a obriga\u00e7\u00e3o como sociedade de remontarmos. Essa confian\u00e7a \u00e9 essencial para a previsibilidade, a seguran\u00e7a jur\u00eddica\u201d, disse, em audi\u00eancia p\u00fablica na Comiss\u00e3o de Constitui\u00e7\u00e3o e Justi\u00e7a do Senado.\u201cAcredito que o Brasil est\u00e1 em um momento de inflex\u00e3o. Temos muitos problemas, muitas diferen\u00e7as, muitas desaven\u00e7as at\u00e9. Mas, certamente, h\u00e1 uma situa\u00e7\u00e3o que nos une que \u00e9 o desejo de melhorar o pa\u00eds\u201d, argumentou.Marinho afirmou que n\u00e3o h\u00e1 registro anterior de tanta demora para a retomada do crescimento econ\u00f4mico do pa\u00eds, mesmo quando houve a quebra da bolsa de Nova York de 1929, problemas da d\u00e9cada de 80 ou c\u00edclicos da economia mundial que afetaram o pa\u00eds. \u201cH\u00e1 quatro anos estamos crescendo a menos de 1%. N\u00e3o existe registro na nossa hist\u00f3rica econ\u00f4mica dos \u00faltimos 100 anos de uma cat\u00e1strofe dessa propor\u00e7\u00e3o\u201d, enfatizou.Marinho disse que, ap\u00f3s a tramita\u00e7\u00e3o da proposta de reforma na C\u00e2mara dos Deputados, a previs\u00e3o de economia com as mudan\u00e7as ser\u00e1 de R$ 933,5 bilh\u00f5es em 10 anos. No \u00faltimo dia 7, a C\u00e2mara dos Deputados concluiu a\u00a0<a href=\"http:\/\/agenciabrasil.ebc.com.br\/politica\/noticia\/2019-08\/camara-rejeita-todos-destaques-e-aprova-reforma-da-previdencia\">vota\u00e7\u00e3o da reforma<\/a>\u00a0e o texto seguiu para o Senado.O secret\u00e1rio destacou que o sistema atual de Previd\u00eancia \u201c\u00e9 injusto porque poucos ganham muito e muitos ganham pouco e ele \u00e9 insustent\u00e1vel ao longo do tempo\u201d. Ele citou dados demogr\u00e1ficos para explicar a necessidade da reforma. Segundo ele, o Brasil est\u00e1 envelhecendo muito rapidamente. Em 1980, o n\u00famero de pessoas em idade ativa (15 a 64 anos) em rela\u00e7\u00e3o a cada idoso (a partir de 65 anos) era 14. Essa rela\u00e7\u00e3o caiu para 11,5, em 2000 e a previs\u00e3o \u00e9 que chegue a 7 em 2020 e a 2,35 em 2060.<\/p>\n","protected":false},"excerpt":{"rendered":"<p>O \u00a0secret\u00e1rio especial de Trabalho e Previd\u00eancia do Minist\u00e9rio da Economia, Rog\u00e9rio Marinho, disse hoje (20) que a reforma da Previd\u00eancia \u00e9 necess\u00e1ria para recuperar&hellip; <\/p>\n","protected":false},"author":1,"featured_media":111265,"comment_status":"closed","ping_status":"closed","sticky":false,"template":"","format":"standard","meta":{"sfsi_plus_gutenberg_text_before_share":"","sfsi_plus_gutenberg_show_text_before_share":"","sfsi_plus_gutenberg_icon_type":"","sfsi_plus_gutenberg_icon_alignemt":"","sfsi_plus_gutenburg_max_per_row":"","footnotes":""},"categories":[11],"tags":[],"class_list":["post-111264","post","type-post","status-publish","format-standard","has-post-thumbnail","hentry","category-politica"],"_links":{"self":[{"href":"https:\/\/www.caririemacao.com\/1\/wp-json\/wp\/v2\/posts\/111264","targetHints":{"allow":["GET"]}}],"collection":[{"href":"https:\/\/www.caririemacao.com\/1\/wp-json\/wp\/v2\/posts"}],"about":[{"href":"https:\/\/www.caririemacao.com\/1\/wp-json\/wp\/v2\/types\/post"}],"author":[{"embeddable":true,"href":"https:\/\/www.caririemacao.com\/1\/wp-json\/wp\/v2\/users\/1"}],"replies":[{"embeddable":true,"href":"https:\/\/www.caririemacao.com\/1\/wp-json\/wp\/v2\/comments?post=111264"}],"version-history":[{"count":1,"href":"https:\/\/www.caririemacao.com\/1\/wp-json\/wp\/v2\/posts\/111264\/revisions"}],"predecessor-version":[{"id":111266,"href":"https:\/\/www.caririemacao.com\/1\/wp-json\/wp\/v2\/posts\/111264\/revisions\/111266"}],"wp:featuredmedia":[{"embeddable":true,"href":"https:\/\/www.caririemacao.com\/1\/wp-json\/wp\/v2\/media\/111265"}],"wp:attachment":[{"href":"https:\/\/www.caririemacao.com\/1\/wp-json\/wp\/v2\/media?parent=111264"}],"wp:term":[{"taxonomy":"category","embeddable":true,"href":"https:\/\/www.caririemacao.com\/1\/wp-json\/wp\/v2\/categories?post=111264"},{"taxonomy":"post_tag","embeddable":true,"href":"https:\/\/www.caririemacao.com\/1\/wp-json\/wp\/v2\/tags?post=111264"}],"curies":[{"name":"wp","href":"https:\/\/api.w.org\/{rel}","templated":true}]}}