{"id":111282,"date":"2019-08-20T14:07:31","date_gmt":"2019-08-20T17:07:31","guid":{"rendered":"http:\/\/www.caririemacao.com\/1\/?p=111282"},"modified":"2019-08-20T14:07:31","modified_gmt":"2019-08-20T17:07:31","slug":"prorrogadas-as-inscricoes-do-festival-de-musica-ze-marcolino","status":"publish","type":"post","link":"https:\/\/www.caririemacao.com\/1\/2019\/08\/20\/prorrogadas-as-inscricoes-do-festival-de-musica-ze-marcolino\/","title":{"rendered":"Prorrogadas as inscri\u00e7\u00f5es do Festival de M\u00fasica Z\u00e9 Marcolino"},"content":{"rendered":"\n<p>A Secretaria de Educa\u00e7\u00e3o de Sum\u00e9 prorrogou as inscri\u00e7\u00f5es do Festival de M\u00fasica Z\u00e9 Marcolino para at\u00e9 a pr\u00f3xima sexta-feira, 23 de agosto.<\/p>\n\n\n\n<p>Os interessados em participar devem se inscrever na Secretaria de Educa\u00e7\u00e3o, das 08h \u00e0s 14h.<\/p>\n\n\n\n<p>Para efeito de inscri\u00e7\u00e3o s\u00f3 ser\u00e1 permitida uma composi\u00e7\u00e3o para cada participante. Fica vedado o mesmo int\u00e9rprete em mais de uma can\u00e7\u00e3o.<\/p>\n\n\n\n<p>\u00c9 necess\u00e1rio o candidato preencher a ficha de inscri\u00e7\u00e3o obtida nos Anexos I e II do Edital (dispon\u00edvel no site www.sume.pb.gov.br) preenchida e assinada pelo compositor da m\u00fasica, al\u00e9m disso, apresentar:<\/p>\n\n\n\n<ol class=\"wp-block-list\"><li>a) C\u00f3pia da Carteira de Identidade;<\/li><li>b) C\u00f3pia do CPF;<\/li><li>c) Comprovante de resid\u00eancia;<\/li><li>d) Uma foto art\u00edstica;<\/li><li>e) Breve relato art\u00edstico (ver modelo Anexo III, ficha de anamnese);<\/li><li>f) C\u00f3pia da letra da m\u00fasica digitada e devidamente identificada com o nome do autor;<\/li><li>g) letra da m\u00fasica com Cifra ou com Partitura (opcional);<\/li><li>h) Autoriza\u00e7\u00e3o do compositor da m\u00fasica, acompanhada de c\u00f3pia do RG e CPF do mesmo, caso a m\u00fasica seja defendida por outro int\u00e9rprete (ver modelo Anexo II do Edital).<\/li><\/ol>\n\n\n\n<p>O Festival acontecer\u00e1 na Pra\u00e7a Jos\u00e9 Am\u00e9rico no dia 28 de setembro, destina-se a participantes a partir de 18 anos de idade, domiciliados no munic\u00edpio de Sum\u00e9-PB e na regi\u00e3o do Cariri Paraibano.<\/p>\n\n\n\n<p><a href=\"http:\/\/www.sume.pb.gov.br\/wp-content\/uploads\/2019\/08\/EDITAL-I-FESTIVAL-Z%C3%89-MARCOLINO_PRORROGA%C3%87%C3%83O-INSCRI%C3%87%C3%95ES.pdf\" target=\"_blank\" rel=\"noreferrer noopener\">EDITAL I FESTIVAL Z\u00c9 MARCOLINO_PRORROGA\u00c7\u00c3O INSCRI\u00c7\u00d5ES<\/a><\/p>\n\n\n\n<p>Ascom<\/p>\n","protected":false},"excerpt":{"rendered":"<p>A Secretaria de Educa\u00e7\u00e3o de Sum\u00e9 prorrogou as inscri\u00e7\u00f5es do Festival de M\u00fasica Z\u00e9 Marcolino para at\u00e9 a pr\u00f3xima sexta-feira, 23 de agosto. Os interessados&hellip; <\/p>\n","protected":false},"author":1,"featured_media":111283,"comment_status":"closed","ping_status":"closed","sticky":false,"template":"","format":"standard","meta":{"sfsi_plus_gutenberg_text_before_share":"","sfsi_plus_gutenberg_show_text_before_share":"","sfsi_plus_gutenberg_icon_type":"","sfsi_plus_gutenberg_icon_alignemt":"","sfsi_plus_gutenburg_max_per_row":"","footnotes":""},"categories":[2],"tags":[],"class_list":["post-111282","post","type-post","status-publish","format-standard","has-post-thumbnail","hentry","category-geral"],"_links":{"self":[{"href":"https:\/\/www.caririemacao.com\/1\/wp-json\/wp\/v2\/posts\/111282","targetHints":{"allow":["GET"]}}],"collection":[{"href":"https:\/\/www.caririemacao.com\/1\/wp-json\/wp\/v2\/posts"}],"about":[{"href":"https:\/\/www.caririemacao.com\/1\/wp-json\/wp\/v2\/types\/post"}],"author":[{"embeddable":true,"href":"https:\/\/www.caririemacao.com\/1\/wp-json\/wp\/v2\/users\/1"}],"replies":[{"embeddable":true,"href":"https:\/\/www.caririemacao.com\/1\/wp-json\/wp\/v2\/comments?post=111282"}],"version-history":[{"count":1,"href":"https:\/\/www.caririemacao.com\/1\/wp-json\/wp\/v2\/posts\/111282\/revisions"}],"predecessor-version":[{"id":111284,"href":"https:\/\/www.caririemacao.com\/1\/wp-json\/wp\/v2\/posts\/111282\/revisions\/111284"}],"wp:featuredmedia":[{"embeddable":true,"href":"https:\/\/www.caririemacao.com\/1\/wp-json\/wp\/v2\/media\/111283"}],"wp:attachment":[{"href":"https:\/\/www.caririemacao.com\/1\/wp-json\/wp\/v2\/media?parent=111282"}],"wp:term":[{"taxonomy":"category","embeddable":true,"href":"https:\/\/www.caririemacao.com\/1\/wp-json\/wp\/v2\/categories?post=111282"},{"taxonomy":"post_tag","embeddable":true,"href":"https:\/\/www.caririemacao.com\/1\/wp-json\/wp\/v2\/tags?post=111282"}],"curies":[{"name":"wp","href":"https:\/\/api.w.org\/{rel}","templated":true}]}}