{"id":111294,"date":"2019-08-20T14:15:39","date_gmt":"2019-08-20T17:15:39","guid":{"rendered":"http:\/\/www.caririemacao.com\/1\/?p=111294"},"modified":"2019-08-20T14:15:39","modified_gmt":"2019-08-20T17:15:39","slug":"governo-do-estado-divulga-resultado-preliminar-de-concurso-com-mil-vagas-para-professores","status":"publish","type":"post","link":"https:\/\/www.caririemacao.com\/1\/2019\/08\/20\/governo-do-estado-divulga-resultado-preliminar-de-concurso-com-mil-vagas-para-professores\/","title":{"rendered":"Governo do Estado divulga resultado preliminar de concurso com mil vagas para professores"},"content":{"rendered":"\n<p>O resultado preliminar da prova objetiva para contratar mil professores na Rede Estadual de Ensino foi divulgado nesta ter\u00e7a-feira (20). O Governo do Estado da Para\u00edba publicou o resultado preliminar no Di\u00e1rio Oficial.<\/p>\n\n\n\n<p>A rela\u00e7\u00e3o dos candidatos classificados e o desempenho individual da prova objetiva tamb\u00e9m podem ser consultados no&nbsp;<a href=\"http:\/\/www.institutoaocp.org.br\/concurso.jsp?id=220\">site da banca organizadora, a AOCP<\/a>.<\/p>\n\n\n\n<p><a href=\"http:\/\/www.institutoaocp.org.br\/concursos\/arquivos\/edit_res_prov_obj_seect.pdf?\">Confira o resultado preliminar da prova objetiva<\/a><\/p>\n\n\n\n<p>O concurso ofereceu mil vagas para professores de 13 disciplinas: Artes (72), Biologia (150), Educa\u00e7\u00e3o F\u00edsica (68), Filosofia (6), F\u00edsica (47), Geografia (72), Hist\u00f3ria (78). L\u00edngua Espanhola (18), L\u00edngua Inglesa (61), L\u00edngua Portuguesa (195), Matem\u00e1tica (199), Qu\u00edmica (28) e Sociologia (6).<\/p>\n\n\n\n<p>Das 1.000 vagas oferecidas para o cargo efetivo de Professor de Educa\u00e7\u00e3o B\u00e1sica III, da carreira do Magist\u00e9rio Estadual, 50 vagas s\u00e3o destinadas \u00e0s pessoas com defici\u00eancia.<\/p>\n\n\n\n<p>Os aprovados ser\u00e3o nomeados logo ap\u00f3s o resultado final do concurso. O sal\u00e1rio oferecido para os que v\u00e3o disputar as vagas \u00e9 de R$ 2.110,12 (dois mil cento e dez reais e doze centavos), com carga hor\u00e1ria de 30 horas semanais. Este \u00e9 o quarto concurso p\u00fablico realizado pelo Governo da Para\u00edba para o cargo de Professor de Educa\u00e7\u00e3o B\u00e1sica III, de 2011 at\u00e9 2019, totalizando 5.040 vagas ofertadas.<\/p>\n","protected":false},"excerpt":{"rendered":"<p>O resultado preliminar da prova objetiva para contratar mil professores na Rede Estadual de Ensino foi divulgado nesta ter\u00e7a-feira (20). O Governo do Estado da&hellip; <\/p>\n","protected":false},"author":1,"featured_media":10921,"comment_status":"closed","ping_status":"closed","sticky":false,"template":"","format":"standard","meta":{"sfsi_plus_gutenberg_text_before_share":"","sfsi_plus_gutenberg_show_text_before_share":"","sfsi_plus_gutenberg_icon_type":"","sfsi_plus_gutenberg_icon_alignemt":"","sfsi_plus_gutenburg_max_per_row":"","footnotes":""},"categories":[14],"tags":[],"class_list":["post-111294","post","type-post","status-publish","format-standard","has-post-thumbnail","hentry","category-educacao"],"_links":{"self":[{"href":"https:\/\/www.caririemacao.com\/1\/wp-json\/wp\/v2\/posts\/111294","targetHints":{"allow":["GET"]}}],"collection":[{"href":"https:\/\/www.caririemacao.com\/1\/wp-json\/wp\/v2\/posts"}],"about":[{"href":"https:\/\/www.caririemacao.com\/1\/wp-json\/wp\/v2\/types\/post"}],"author":[{"embeddable":true,"href":"https:\/\/www.caririemacao.com\/1\/wp-json\/wp\/v2\/users\/1"}],"replies":[{"embeddable":true,"href":"https:\/\/www.caririemacao.com\/1\/wp-json\/wp\/v2\/comments?post=111294"}],"version-history":[{"count":1,"href":"https:\/\/www.caririemacao.com\/1\/wp-json\/wp\/v2\/posts\/111294\/revisions"}],"predecessor-version":[{"id":111295,"href":"https:\/\/www.caririemacao.com\/1\/wp-json\/wp\/v2\/posts\/111294\/revisions\/111295"}],"wp:featuredmedia":[{"embeddable":true,"href":"https:\/\/www.caririemacao.com\/1\/wp-json\/wp\/v2\/media\/10921"}],"wp:attachment":[{"href":"https:\/\/www.caririemacao.com\/1\/wp-json\/wp\/v2\/media?parent=111294"}],"wp:term":[{"taxonomy":"category","embeddable":true,"href":"https:\/\/www.caririemacao.com\/1\/wp-json\/wp\/v2\/categories?post=111294"},{"taxonomy":"post_tag","embeddable":true,"href":"https:\/\/www.caririemacao.com\/1\/wp-json\/wp\/v2\/tags?post=111294"}],"curies":[{"name":"wp","href":"https:\/\/api.w.org\/{rel}","templated":true}]}}