{"id":111303,"date":"2019-08-20T14:29:22","date_gmt":"2019-08-20T17:29:22","guid":{"rendered":"http:\/\/www.caririemacao.com\/1\/?p=111303"},"modified":"2019-08-20T14:29:22","modified_gmt":"2019-08-20T17:29:22","slug":"fernando-haddad-confirma-presenca-no-sos-sao-francisco-em-monteiro","status":"publish","type":"post","link":"https:\/\/www.caririemacao.com\/1\/2019\/08\/20\/fernando-haddad-confirma-presenca-no-sos-sao-francisco-em-monteiro\/","title":{"rendered":"Fernando Haddad confirma presen\u00e7a no SOS S\u00e3o Francisco em Monteiro"},"content":{"rendered":"\n<p>O professor e ex-candidato \u00e0 Presid\u00eancia da Rep\u00fablica Fernando Haddad estar\u00e1 no dia 1\u00ba de setembro no SOS Transposi\u00e7\u00e3o \u2013 Grito do Nordeste, em Monteiro.<\/p>\n\n\n\n<p>O ato \u00e9 organizado&nbsp;pelos movimentos sociais e diversas lideran\u00e7as de todo o Brasil, sob a coordena\u00e7\u00e3o do ex-governador da Para\u00edba, Ricardo Coutinho.<\/p>\n","protected":false},"excerpt":{"rendered":"<p>O professor e ex-candidato \u00e0 Presid\u00eancia da Rep\u00fablica Fernando Haddad estar\u00e1 no dia 1\u00ba de setembro no SOS Transposi\u00e7\u00e3o \u2013 Grito do Nordeste, em Monteiro.&hellip; <\/p>\n","protected":false},"author":1,"featured_media":111304,"comment_status":"closed","ping_status":"closed","sticky":false,"template":"","format":"standard","meta":{"sfsi_plus_gutenberg_text_before_share":"","sfsi_plus_gutenberg_show_text_before_share":"","sfsi_plus_gutenberg_icon_type":"","sfsi_plus_gutenberg_icon_alignemt":"","sfsi_plus_gutenburg_max_per_row":"","footnotes":""},"categories":[11],"tags":[],"class_list":["post-111303","post","type-post","status-publish","format-standard","has-post-thumbnail","hentry","category-politica"],"_links":{"self":[{"href":"https:\/\/www.caririemacao.com\/1\/wp-json\/wp\/v2\/posts\/111303","targetHints":{"allow":["GET"]}}],"collection":[{"href":"https:\/\/www.caririemacao.com\/1\/wp-json\/wp\/v2\/posts"}],"about":[{"href":"https:\/\/www.caririemacao.com\/1\/wp-json\/wp\/v2\/types\/post"}],"author":[{"embeddable":true,"href":"https:\/\/www.caririemacao.com\/1\/wp-json\/wp\/v2\/users\/1"}],"replies":[{"embeddable":true,"href":"https:\/\/www.caririemacao.com\/1\/wp-json\/wp\/v2\/comments?post=111303"}],"version-history":[{"count":1,"href":"https:\/\/www.caririemacao.com\/1\/wp-json\/wp\/v2\/posts\/111303\/revisions"}],"predecessor-version":[{"id":111305,"href":"https:\/\/www.caririemacao.com\/1\/wp-json\/wp\/v2\/posts\/111303\/revisions\/111305"}],"wp:featuredmedia":[{"embeddable":true,"href":"https:\/\/www.caririemacao.com\/1\/wp-json\/wp\/v2\/media\/111304"}],"wp:attachment":[{"href":"https:\/\/www.caririemacao.com\/1\/wp-json\/wp\/v2\/media?parent=111303"}],"wp:term":[{"taxonomy":"category","embeddable":true,"href":"https:\/\/www.caririemacao.com\/1\/wp-json\/wp\/v2\/categories?post=111303"},{"taxonomy":"post_tag","embeddable":true,"href":"https:\/\/www.caririemacao.com\/1\/wp-json\/wp\/v2\/tags?post=111303"}],"curies":[{"name":"wp","href":"https:\/\/api.w.org\/{rel}","templated":true}]}}