{"id":111309,"date":"2019-08-20T14:34:23","date_gmt":"2019-08-20T17:34:23","guid":{"rendered":"http:\/\/www.caririemacao.com\/1\/?p=111309"},"modified":"2019-08-20T14:34:23","modified_gmt":"2019-08-20T17:34:23","slug":"com-apoio-do-governo-municipal-16a-vaquejada-mantem-a-tradicao-e-e-um-sucesso-em-sao-sebastiao-do-umbuzeiro","status":"publish","type":"post","link":"https:\/\/www.caririemacao.com\/1\/2019\/08\/20\/com-apoio-do-governo-municipal-16a-vaquejada-mantem-a-tradicao-e-e-um-sucesso-em-sao-sebastiao-do-umbuzeiro\/","title":{"rendered":"Com apoio do governo municipal, 16\u00aa Vaquejada mant\u00e9m a tradi\u00e7\u00e3o e \u00e9 um sucesso em S\u00e3o Sebasti\u00e3o do Umbuzeiro"},"content":{"rendered":"\n<figure class=\"wp-block-image\"><img decoding=\"async\" data-src=\"https:\/\/lh4.googleusercontent.com\/proxy\/8yYbd3WdH64JTyuzMqvlU9yH0S-cIrnna0TlDsmzWnBHjbXwNRM7-1Dwe6SoRfalwBnlqFPbD7k0rSzOQFzIpXXrzBjUk79B9lZV1uaTopBC-xnz3FomOg=s0-d\" alt=\"\" src=\"data:image\/svg+xml;base64,PHN2ZyB3aWR0aD0iMSIgaGVpZ2h0PSIxIiB4bWxucz0iaHR0cDovL3d3dy53My5vcmcvMjAwMC9zdmciPjwvc3ZnPg==\" class=\"lazyload\" \/><\/figure>\n\n\n\n<p>Com sucesso de vaqueiros inscritos e circuito lotado, com o apoio da Prefeitura Municipal, foi encerrada nesta segunda-feira (19), a 16\u00aa Vaquejada do Parque Paulo Figueiredo em S\u00e3o Sebasti\u00e3o do Umbuzeiro. Um recorde de p\u00fablico na hist\u00f3ria das vaquejadas e um ambiente em que n\u00e3o houve o registro de ocorr\u00eancias de grande relev\u00e2ncia<br>Uma das maiores e mais tradicionais da regi\u00e3o, o evento reuniu vaqueiros de v\u00e1rios estados do Brasil em uma competi\u00e7\u00e3o dividida nas categorias aberto e aspirante, totalizando mais de 30 mil reais, al\u00e9m de uma \u00f3tima premia\u00e7\u00e3o tamb\u00e9m para o feminino, com 50% do arrecadado.<br>Milhares de pessoas estiveram presentes nas noites de shows com Ot\u00e1vio do Acordeon e Henrique dos teclados, Bedeu Quirino e Lu\u00eds Felipe atra\u00e7\u00e3o principal da festa que contagiou o p\u00fablico com suas m\u00fasicas apaixonadas e especialmente dirigidas aos amantes das vaquejadas.<br>Com BLOG DO DIDI<\/p>\n","protected":false},"excerpt":{"rendered":"<p>Com sucesso de vaqueiros inscritos e circuito lotado, com o apoio da Prefeitura Municipal, foi encerrada nesta segunda-feira (19), a 16\u00aa Vaquejada do Parque Paulo&hellip; <\/p>\n","protected":false},"author":1,"featured_media":111310,"comment_status":"closed","ping_status":"closed","sticky":false,"template":"","format":"standard","meta":{"sfsi_plus_gutenberg_text_before_share":"","sfsi_plus_gutenberg_show_text_before_share":"","sfsi_plus_gutenberg_icon_type":"","sfsi_plus_gutenberg_icon_alignemt":"","sfsi_plus_gutenburg_max_per_row":"","footnotes":""},"categories":[6],"tags":[],"class_list":["post-111309","post","type-post","status-publish","format-standard","has-post-thumbnail","hentry","category-cidades"],"_links":{"self":[{"href":"https:\/\/www.caririemacao.com\/1\/wp-json\/wp\/v2\/posts\/111309","targetHints":{"allow":["GET"]}}],"collection":[{"href":"https:\/\/www.caririemacao.com\/1\/wp-json\/wp\/v2\/posts"}],"about":[{"href":"https:\/\/www.caririemacao.com\/1\/wp-json\/wp\/v2\/types\/post"}],"author":[{"embeddable":true,"href":"https:\/\/www.caririemacao.com\/1\/wp-json\/wp\/v2\/users\/1"}],"replies":[{"embeddable":true,"href":"https:\/\/www.caririemacao.com\/1\/wp-json\/wp\/v2\/comments?post=111309"}],"version-history":[{"count":1,"href":"https:\/\/www.caririemacao.com\/1\/wp-json\/wp\/v2\/posts\/111309\/revisions"}],"predecessor-version":[{"id":111311,"href":"https:\/\/www.caririemacao.com\/1\/wp-json\/wp\/v2\/posts\/111309\/revisions\/111311"}],"wp:featuredmedia":[{"embeddable":true,"href":"https:\/\/www.caririemacao.com\/1\/wp-json\/wp\/v2\/media\/111310"}],"wp:attachment":[{"href":"https:\/\/www.caririemacao.com\/1\/wp-json\/wp\/v2\/media?parent=111309"}],"wp:term":[{"taxonomy":"category","embeddable":true,"href":"https:\/\/www.caririemacao.com\/1\/wp-json\/wp\/v2\/categories?post=111309"},{"taxonomy":"post_tag","embeddable":true,"href":"https:\/\/www.caririemacao.com\/1\/wp-json\/wp\/v2\/tags?post=111309"}],"curies":[{"name":"wp","href":"https:\/\/api.w.org\/{rel}","templated":true}]}}