{"id":111316,"date":"2019-08-20T14:45:57","date_gmt":"2019-08-20T17:45:57","guid":{"rendered":"http:\/\/www.caririemacao.com\/1\/?p=111316"},"modified":"2019-08-20T14:45:57","modified_gmt":"2019-08-20T17:45:57","slug":"prefeito-em-exercicio-de-monteiro-visita-zona-rural-e-moradores-parabenizam-a-gestao-municipal","status":"publish","type":"post","link":"https:\/\/www.caririemacao.com\/1\/2019\/08\/20\/prefeito-em-exercicio-de-monteiro-visita-zona-rural-e-moradores-parabenizam-a-gestao-municipal\/","title":{"rendered":"Prefeito em exerc\u00edcio de Monteiro visita zona rural e moradores parabenizam a gest\u00e3o municipal"},"content":{"rendered":"\n<p>O prefeito em exerc\u00edcio de Monteiro, Celecileno Alves, visitou na tarde desta segunda-feira (19), a comunidade rural de Santa Catarina. Cel\u00e9 esteve acompanhado do presidente da C\u00e2mara, Caj\u00f3 Menezes, dos vereadores Bero de Bertino, professora Jacira, Toinho de Nequinho, Sim\u00e3o Leal e Sargento Farias, e do Chefe de Transportes do munic\u00edpio, Jacinto de Lira.<\/p>\n\n\n\n<p>Na oportunidade, a comitiva visitou as obras de constru\u00e7\u00e3o do novo col\u00e9gio da comunidade e da Creche municipal, e tamb\u00e9m a instala\u00e7\u00e3o do dessalinizador e inspecionaram os locais onde est\u00e3o sendo feitas a recupera\u00e7\u00e3o e manuten\u00e7\u00e3o das estradas, nos S\u00edtios Angiquinho, Olho D\u2019\u00e1gua, Lagoa, Macap\u00e1 e Chal\u00e9.<\/p>\n\n\n\n<p>Os moradores de Santa Catarina parabenizaram a gest\u00e3o municipal pelo trabalho na localidade e disseram que a comunidade tem recebido total assist\u00eancia da Prefeitura Municipal. \u201cGra\u00e7as a Deus aqui est\u00e1 bom demais, estamos recebendo total assist\u00eancia da prefeitura municipal, s\u00f3 este ano as estradas foram feitas tr\u00eas vezes, a quest\u00e3o de ilumina\u00e7\u00e3o p\u00fablica est\u00e1 boa, e a regi\u00e3o de Santa Catarina s\u00f3 tem a agradecer a prefeita Anna Lorena e o vice-prefeito Cel\u00e9 por todo apoio \u00e0 comunidade\u201d, disse o agricultor Etinho.<\/p>\n\n\n\n<div class=\"wp-block-image\"><figure class=\"alignleft\"><img decoding=\"async\" data-src=\"https:\/\/i0.wp.com\/www.vitrinedocariri.com.br\/wp-content\/uploads\/2019\/08\/006-1.jpeg?zoom=2&amp;resize=330%2C219&amp;ssl=1\" alt=\"\" class=\"wp-image-51156 lazyload\" src=\"data:image\/svg+xml;base64,PHN2ZyB3aWR0aD0iMSIgaGVpZ2h0PSIxIiB4bWxucz0iaHR0cDovL3d3dy53My5vcmcvMjAwMC9zdmciPjwvc3ZnPg==\" \/><\/figure><\/div>\n\n\n\n<p>J\u00e1 o agricultor Manoel da Lagoa, disse que a prefeitura tem feito grandes melhorias na comunidade, a exemplo da recupera\u00e7\u00e3o das estradas que beneficia muito os moradores. \u201cA quest\u00e3o de sa\u00fade aqui est\u00e1 boa demais, temos dentista, m\u00e9dico, toda assist\u00eancia de sa\u00fade no Posto, e recebemos muita assist\u00eancia na quest\u00e3o de l\u00e2mpadas, na minha comunidade n\u00e3o temos nada a reclamar\u201d, disse Manoel.<\/p>\n\n\n\n<p>O agricultor Chico do Macap\u00e1 elogiou bastante a gest\u00e3o municipal, que tem ouvido os anseios da popula\u00e7\u00e3o e resolvido os problemas da comunidade, e parabenizou a gest\u00e3o municipal comandada pela prefeita Anna Lorena e o vice-prefeito Cel\u00e9.<\/p>\n\n\n\n<p>O Prefeito em exerc\u00edcio Celecileno Alves disse que o compromisso da gest\u00e3o municipal \u00e9 com a popula\u00e7\u00e3o, e que n\u00e3o tem medido esfor\u00e7os junto com a prefeita Anna Lorena e toda equipe, para melhorar a vida das pessoas e trazer benef\u00edcios n\u00e3o s\u00f3 para comunidade de Santa Catarina, mais para todo o munic\u00edpio.<\/p>\n","protected":false},"excerpt":{"rendered":"<p>O prefeito em exerc\u00edcio de Monteiro, Celecileno Alves, visitou na tarde desta segunda-feira (19), a comunidade rural de Santa Catarina. Cel\u00e9 esteve acompanhado do presidente&hellip; <\/p>\n","protected":false},"author":1,"featured_media":111317,"comment_status":"closed","ping_status":"closed","sticky":false,"template":"","format":"standard","meta":{"sfsi_plus_gutenberg_text_before_share":"","sfsi_plus_gutenberg_show_text_before_share":"","sfsi_plus_gutenberg_icon_type":"","sfsi_plus_gutenberg_icon_alignemt":"","sfsi_plus_gutenburg_max_per_row":"","footnotes":""},"categories":[6],"tags":[],"class_list":["post-111316","post","type-post","status-publish","format-standard","has-post-thumbnail","hentry","category-cidades"],"_links":{"self":[{"href":"https:\/\/www.caririemacao.com\/1\/wp-json\/wp\/v2\/posts\/111316","targetHints":{"allow":["GET"]}}],"collection":[{"href":"https:\/\/www.caririemacao.com\/1\/wp-json\/wp\/v2\/posts"}],"about":[{"href":"https:\/\/www.caririemacao.com\/1\/wp-json\/wp\/v2\/types\/post"}],"author":[{"embeddable":true,"href":"https:\/\/www.caririemacao.com\/1\/wp-json\/wp\/v2\/users\/1"}],"replies":[{"embeddable":true,"href":"https:\/\/www.caririemacao.com\/1\/wp-json\/wp\/v2\/comments?post=111316"}],"version-history":[{"count":1,"href":"https:\/\/www.caririemacao.com\/1\/wp-json\/wp\/v2\/posts\/111316\/revisions"}],"predecessor-version":[{"id":111318,"href":"https:\/\/www.caririemacao.com\/1\/wp-json\/wp\/v2\/posts\/111316\/revisions\/111318"}],"wp:featuredmedia":[{"embeddable":true,"href":"https:\/\/www.caririemacao.com\/1\/wp-json\/wp\/v2\/media\/111317"}],"wp:attachment":[{"href":"https:\/\/www.caririemacao.com\/1\/wp-json\/wp\/v2\/media?parent=111316"}],"wp:term":[{"taxonomy":"category","embeddable":true,"href":"https:\/\/www.caririemacao.com\/1\/wp-json\/wp\/v2\/categories?post=111316"},{"taxonomy":"post_tag","embeddable":true,"href":"https:\/\/www.caririemacao.com\/1\/wp-json\/wp\/v2\/tags?post=111316"}],"curies":[{"name":"wp","href":"https:\/\/api.w.org\/{rel}","templated":true}]}}