{"id":111321,"date":"2019-08-20T14:53:41","date_gmt":"2019-08-20T17:53:41","guid":{"rendered":"http:\/\/www.caririemacao.com\/1\/?p=111321"},"modified":"2019-08-20T14:53:41","modified_gmt":"2019-08-20T17:53:41","slug":"em-reportagem-da-veja-prefeito-de-sume-preve-caos-com-paralisacao-da-transposicao","status":"publish","type":"post","link":"https:\/\/www.caririemacao.com\/1\/2019\/08\/20\/em-reportagem-da-veja-prefeito-de-sume-preve-caos-com-paralisacao-da-transposicao\/","title":{"rendered":"Em reportagem da VEJA, Prefeito de Sum\u00e9 prev\u00ea caos com paralisa\u00e7\u00e3o da transposi\u00e7\u00e3o"},"content":{"rendered":"\n<p>Pol\u00eamica desde o seu lan\u00e7amento, a transposi\u00e7\u00e3o do Rio S\u00e3o Francisco coleciona alguns recordes \u2014 nada positivos, por sinal. A previs\u00e3o atualizada de custo de 12 bilh\u00f5es de reais a coloca como uma das obras mais caras da hist\u00f3ria do pa\u00eds. \u00c9 tamb\u00e9m o \u00fanico caso em que tr\u00eas presidentes inauguraram um mesmo trecho. Sim, s\u00f3 no Brasil. Em mar\u00e7o de 2017, Michel Temer, na \u00e9poca \u00e0 frente do Pal\u00e1cio do Planalto, protagonizou a cerim\u00f4nia oficial em Monteiro, no Cariri paraibano, ponto final do Eixo Leste, estrutura de 217 quil\u00f4metros que perpassa Pernambuco e Para\u00edba. Nove dias depois, Lula (ainda solto) e Dilma Rousseff desembarcaram naquela cidade para a \u201cinaugura\u00e7\u00e3o popular\u201d da menina dos olhos do PAC petista.<\/p>\n\n\n\n<p>Ap\u00f3s mais de dois anos, os pol\u00edticos sumiram e n\u00e3o h\u00e1 motivos para festa. Os mesmos canais n\u00e3o recebem \u00e1gua e apresentam v\u00e1rios danos s\u00e9rios. Nos dias 21 e 22 de julho, um perito do Minist\u00e9rio P\u00fablico Federal da Para\u00edba vistoriou cerca de 40 quil\u00f4metros entre Sert\u00e2nia (PE) e Monteiro. No relat\u00f3rio, ele aponta uma s\u00e9rie de problemas. O revestimento de concreto tem fissuras, trincas e rachaduras que chegam a mais de 1,5 cent\u00edmetro de espessura. Como faltam estruturas de drenagem, as chuvas levam a areia para o fundo, assoreando muitos trechos do curso d\u2019\u00e1gua. Obras de drenagem est\u00e3o com paredes quebradas, comprometidas por eros\u00e3o, e algumas canaletas s\u00e3o quase invis\u00edveis, cobertas por terra e pedregulhos. H\u00e1 tamb\u00e9m mato dentro do canal.<\/p>\n\n\n\n<p>O trabalho realizado de forma apressada gerou os problemas. Ex\u00ad-chefe da assessoria t\u00e9cnica ao governo para o projeto da transposi\u00e7\u00e3o, Francisco J\u00e1come Sarmento afirma que a execu\u00e7\u00e3o da obra nos meses anteriores \u00e0 inaugura\u00e7\u00e3o focou somente fazer a \u00e1gua chegar, sem levar em conta servi\u00e7os auxiliares como drenagem, prote\u00e7\u00e3o de taludes e instala\u00e7\u00e3o de comportas. \u201cO que est\u00e1 l\u00e1 \u00e9 t\u00e3o prec\u00e1rio que bastou um curto per\u00edodo de meses de funcionamento para que as improvisa\u00e7\u00f5es impusessem uma dr\u00e1stica redu\u00e7\u00e3o na vaz\u00e3o transferida at\u00e9 anul\u00e1-la\u201d, diz.<\/p>\n\n\n\n<p>Atual respons\u00e1vel pelo projeto, o Minist\u00e9rio do Desenvolvimento Regional, em nota enviada a VEJA, diz que o Eixo Leste ainda est\u00e1 em fase de \u201cpr\u00e9-opera\u00e7\u00e3o\u201d (s\u00f3 no Brasil: passados mais de dois anos da inaugura\u00e7\u00e3o, o neg\u00f3cio encontra-se em \u201ctestes\u201d). O bombeamento de \u00e1gua para 44 munic\u00edpios da Para\u00edba est\u00e1 interrompido h\u00e1 cinco meses, em raz\u00e3o da necessidade de manuten\u00e7\u00e3o em equipamentos das esta\u00e7\u00f5es em uma adutora em Pernambuco. Em 2018, quando o sistema funcionava, ele se mostrou fundamental para evitar uma crise de abastecimento em meio a um prolongado per\u00edodo de seca. Com os problemas atuais, a \u00e1gua n\u00e3o tem chegado aos a\u00e7udes. \u201cSe n\u00e3o fizerem nada, vai ser o caos\u201d, alerta Eden Duarte, prefeito de Sum\u00e9 (PB). Lideran\u00e7as pol\u00edticas da regi\u00e3o organizam uma manifesta\u00e7\u00e3o em Monteiro para o dia 1\u00ba de setembro com os motes \u201cSOS Transposi\u00e7\u00e3o\u201d e \u201cGrito do Nordeste\u201d. Em munic\u00edpios pernambucanos, o abastecimento tamb\u00e9m foi interrompido entre julho e agosto por falta de bombeamento.<\/p>\n\n\n\n<p>Fora as dificuldades para levar \u00e1gua at\u00e9 onde o projeto prev\u00ea, a transposi\u00e7\u00e3o do S\u00e3o Francisco n\u00e3o foge \u00e0 regra de todas as grandes obras brasileiras: multiplica\u00e7\u00e3o de or\u00e7amento, superfaturamento, eterniza\u00e7\u00e3o de prazos, abandono por construtoras e decis\u00f5es judiciais contr\u00e1rias \u00e0 execu\u00e7\u00e3o. O custo total dos dois eixos da transposi\u00e7\u00e3o, Norte e Leste, foi estimado em 2007 em cerca de 5 bilh\u00f5es de reais. Neste ano, o Minist\u00e9rio do Desenvolvimento Regional calcula o valor final em 12 bilh\u00f5es de reais. Ou seja, mais de duas vezes o or\u00e7amento inicial. No relat\u00f3rio mais recente da Controladoria-Geral da Uni\u00e3o sobre a gest\u00e3o da obra, o \u00f3rg\u00e3o detectou, em apenas um contrato do Eixo Leste, de 841,8 milh\u00f5es de reais, que a soma de superfaturamento e sobrepre\u00e7o alcan\u00e7ou 35,7 milh\u00f5es de reais. O cronograma original do PAC previa a conclus\u00e3o do Eixo Norte em dezembro de 2012. Em 2016, o Tribunal Regional Federal da 1\u00aa Regi\u00e3o (TRF1) chegou a suspender as obras, decis\u00e3o revertida pelo Superior Tribunal de Justi\u00e7a (STJ) em abril de 2019. Com 260 quil\u00f4metros de extens\u00e3o, passando por Pernambuco, Para\u00edba, Cear\u00e1 e Rio Grande do Norte, o Eixo Norte tem 97% das obras conclu\u00eddas, segundo o Minist\u00e9rio do Desenvolvimento Regional, que espera come\u00e7ar o transporte de \u00e1gua ainda neste segundo semestre.<\/p>\n\n\n\n<p>Em meio aos problemas, o governo Jair Bolsonaro se move para conceder a efetiva opera\u00e7\u00e3o do sistema \u00e0 iniciativa privada \u2014 decretos das gest\u00f5es Lula e Dilma atribu\u00edam \u00e0 estatal Companhia de Desenvolvimento dos Vales do S\u00e3o Francisco e do Parna\u00edba (Codevasf) esse papel. H\u00e1 duas semanas, o presidente assinou um novo decreto, qualificando o projeto como \u201cobra estrat\u00e9gica\u201d no Programa de Parcerias e Investimentos (PPI). Na mesma ordem, determinou que o Minist\u00e9rio de Minas e Energia elabore uma proposta de leil\u00e3o de gera\u00e7\u00e3o de energia solar para reduzir os custos dos sistemas de bombeamento \u2014 estimados pela CGU em at\u00e9 800 milh\u00f5es de reais anuais. O BNDES tamb\u00e9m estuda um modelo de parceria p\u00fablico-privada.<\/p>\n\n\n\n<p>A ideia de levar a \u00e1gua do Velho Chico at\u00e9 as regi\u00f5es do Nordeste atingidas por secas prolongadas \u00e9 cogitada desde a \u00e9poca de dom Pedro II, no Segundo Reinado, no s\u00e9culo XIX. Tirada do papel mais de 100 anos depois, ela n\u00e3o trouxe ainda as solu\u00e7\u00f5es esperadas. Pior: corre s\u00e9rio risco de virar o grande elefante branco do sert\u00e3o.<\/p>\n\n\n\n<p><em>Com Veja.com<\/em><\/p>\n","protected":false},"excerpt":{"rendered":"<p>Pol\u00eamica desde o seu lan\u00e7amento, a transposi\u00e7\u00e3o do Rio S\u00e3o Francisco coleciona alguns recordes \u2014 nada positivos, por sinal. A previs\u00e3o atualizada de custo de&hellip; <\/p>\n","protected":false},"author":1,"featured_media":37102,"comment_status":"closed","ping_status":"closed","sticky":false,"template":"","format":"standard","meta":{"sfsi_plus_gutenberg_text_before_share":"","sfsi_plus_gutenberg_show_text_before_share":"","sfsi_plus_gutenberg_icon_type":"","sfsi_plus_gutenberg_icon_alignemt":"","sfsi_plus_gutenburg_max_per_row":"","footnotes":""},"categories":[50,2],"tags":[],"class_list":["post-111321","post","type-post","status-publish","format-standard","has-post-thumbnail","hentry","category-destaque","category-geral"],"_links":{"self":[{"href":"https:\/\/www.caririemacao.com\/1\/wp-json\/wp\/v2\/posts\/111321","targetHints":{"allow":["GET"]}}],"collection":[{"href":"https:\/\/www.caririemacao.com\/1\/wp-json\/wp\/v2\/posts"}],"about":[{"href":"https:\/\/www.caririemacao.com\/1\/wp-json\/wp\/v2\/types\/post"}],"author":[{"embeddable":true,"href":"https:\/\/www.caririemacao.com\/1\/wp-json\/wp\/v2\/users\/1"}],"replies":[{"embeddable":true,"href":"https:\/\/www.caririemacao.com\/1\/wp-json\/wp\/v2\/comments?post=111321"}],"version-history":[{"count":1,"href":"https:\/\/www.caririemacao.com\/1\/wp-json\/wp\/v2\/posts\/111321\/revisions"}],"predecessor-version":[{"id":111322,"href":"https:\/\/www.caririemacao.com\/1\/wp-json\/wp\/v2\/posts\/111321\/revisions\/111322"}],"wp:featuredmedia":[{"embeddable":true,"href":"https:\/\/www.caririemacao.com\/1\/wp-json\/wp\/v2\/media\/37102"}],"wp:attachment":[{"href":"https:\/\/www.caririemacao.com\/1\/wp-json\/wp\/v2\/media?parent=111321"}],"wp:term":[{"taxonomy":"category","embeddable":true,"href":"https:\/\/www.caririemacao.com\/1\/wp-json\/wp\/v2\/categories?post=111321"},{"taxonomy":"post_tag","embeddable":true,"href":"https:\/\/www.caririemacao.com\/1\/wp-json\/wp\/v2\/tags?post=111321"}],"curies":[{"name":"wp","href":"https:\/\/api.w.org\/{rel}","templated":true}]}}