{"id":111341,"date":"2019-08-20T22:53:55","date_gmt":"2019-08-21T01:53:55","guid":{"rendered":"http:\/\/www.caririemacao.com\/1\/?p=111341"},"modified":"2019-08-20T22:53:55","modified_gmt":"2019-08-21T01:53:55","slug":"camara-de-vereadores-de-sume-aprova-pl-que-permite-escolha-de-tres-candidatos-na-eleicao-de-conselheiros-tutelares","status":"publish","type":"post","link":"https:\/\/www.caririemacao.com\/1\/2019\/08\/20\/camara-de-vereadores-de-sume-aprova-pl-que-permite-escolha-de-tres-candidatos-na-eleicao-de-conselheiros-tutelares\/","title":{"rendered":"C\u00e2mara de Vereadores de Sum\u00e9 aprova PL que permite escolha de tr\u00eas candidatos na elei\u00e7\u00e3o de conselheiros tutelares"},"content":{"rendered":"\n<p>Na noite desta ter\u00e7a-feira (20), aconteceu o encontro do Legislativo sumeense, a reuni\u00e3o aconteceu no plen\u00e1rio da Casa C\u00edcero Soares.<\/p>\n\n\n\n<div class=\"wp-block-image\"><figure class=\"aligncenter\"><a href=\"http:\/\/noticiasemdestaque.com\/cd\/wp-content\/uploads\/2019\/08\/IMG_5434.jpg\"><img decoding=\"async\" data-src=\"http:\/\/noticiasemdestaque.com\/cd\/wp-content\/uploads\/2019\/08\/IMG_5434-1024x1011.jpg\" alt=\"\" class=\"wp-image-19225 lazyload\" src=\"data:image\/svg+xml;base64,PHN2ZyB3aWR0aD0iMSIgaGVpZ2h0PSIxIiB4bWxucz0iaHR0cDovL3d3dy53My5vcmcvMjAwMC9zdmciPjwvc3ZnPg==\" style=\"--smush-placeholder-width: 1024px; --smush-placeholder-aspect-ratio: 1024\/1011;\" \/><\/a><\/figure><\/div>\n\n\n\n<p>O vereador Branco Xiliu apresentou requerimento solicitando ao prefeito \u00c9den Duarte a cobertura do ponto de motot\u00e1xi localizado ao lado do Mercado P\u00fablico. Branco Xiliu apresentou requerimento solicitando um ponto com cobertura para os taxistas ao lado do shopping.<\/p>\n\n\n\n<div class=\"wp-block-image\"><figure class=\"aligncenter\"><a href=\"http:\/\/noticiasemdestaque.com\/cd\/wp-content\/uploads\/2019\/08\/IMG_5426.jpg\"><img decoding=\"async\" data-src=\"http:\/\/noticiasemdestaque.com\/cd\/wp-content\/uploads\/2019\/08\/IMG_5426-1019x1024.jpg\" alt=\"\" class=\"wp-image-19224 lazyload\" src=\"data:image\/svg+xml;base64,PHN2ZyB3aWR0aD0iMSIgaGVpZ2h0PSIxIiB4bWxucz0iaHR0cDovL3d3dy53My5vcmcvMjAwMC9zdmciPjwvc3ZnPg==\" style=\"--smush-placeholder-width: 1019px; --smush-placeholder-aspect-ratio: 1019\/1024;\" \/><\/a><\/figure><\/div>\n\n\n\n<p>O vereador Nilson Brito apresentou voto de aplauso ao jovem estudante do quarto ano da Escola Maria Leite Rafael Victor Kayky, campe\u00e3o paraibano de jud\u00f4 nos jogos Escolares e Paraescolares da Para\u00edba, que realizou-se em Jo\u00e3o Pessoa e o mesmo classificou para representar o Estado na etapa nacional, nos jogos escolares da juventude que ser\u00e1 realizado em Santa Catarina.<\/p>\n\n\n\n<div class=\"wp-block-image\"><figure class=\"aligncenter\"><a href=\"http:\/\/noticiasemdestaque.com\/cd\/wp-content\/uploads\/2019\/08\/IMG_5425.jpg\"><img decoding=\"async\" data-src=\"http:\/\/noticiasemdestaque.com\/cd\/wp-content\/uploads\/2019\/08\/IMG_5425-1024x992.jpg\" alt=\"\" class=\"wp-image-19223 lazyload\" src=\"data:image\/svg+xml;base64,PHN2ZyB3aWR0aD0iMSIgaGVpZ2h0PSIxIiB4bWxucz0iaHR0cDovL3d3dy53My5vcmcvMjAwMC9zdmciPjwvc3ZnPg==\" style=\"--smush-placeholder-width: 1024px; --smush-placeholder-aspect-ratio: 1024\/992;\" \/><\/a><\/figure><\/div>\n\n\n\n<p>Antonio Carlos Sarmento apresentou voto de pesar pelo falecimento da senhora Maria do Socorro Pereira de Sousa (Socorro de Cazuzinha).<\/p>\n\n\n\n<p>Foi aprovado o Projeto de Lei n\u00famero 536 de autoria do Poder Executivo que disp\u00f5e a nova reda\u00e7\u00e3o a dispositivos da Lei Municipal que trata sobre o Conselho Tutelar dos Direitos da Crian\u00e7a e Adolescente.<\/p>\n\n\n\n<p>O Conselho Tutelar como \u00f3rg\u00e3o aut\u00f4nomo e de funcionamento permanente, composto por 5 membros escolhidos pela popula\u00e7\u00e3o local, podendo votar em tr\u00eas candidatos, para mandato de 4 anos, permitida a recondu\u00e7\u00e3o por novos processos de escolha.<br>A elei\u00e7\u00e3o de conselheiros tutelares acontece de forma unificada no dia 6 de outubro deste ano. O projeto segue agora para san\u00e7\u00e3o do prefeito \u00c9den Duarte.<\/p>\n\n\n\n<div class=\"wp-block-image\"><figure class=\"aligncenter\"><a href=\"http:\/\/noticiasemdestaque.com\/cd\/wp-content\/uploads\/2019\/08\/IMG_5438.jpg\"><img decoding=\"async\" data-src=\"http:\/\/noticiasemdestaque.com\/cd\/wp-content\/uploads\/2019\/08\/IMG_5438-1008x1024.jpg\" alt=\"\" class=\"wp-image-19226 lazyload\" src=\"data:image\/svg+xml;base64,PHN2ZyB3aWR0aD0iMSIgaGVpZ2h0PSIxIiB4bWxucz0iaHR0cDovL3d3dy53My5vcmcvMjAwMC9zdmciPjwvc3ZnPg==\" style=\"--smush-placeholder-width: 1008px; --smush-placeholder-aspect-ratio: 1008\/1024;\" \/><\/a><\/figure><\/div>\n\n\n\n<p>Ap\u00f3s o fim dos debates, o presidente do Legislativo Bomba, agradeceu o empenho de todos os vereadores, que sempre est\u00e3o dispostos a trabalhar em prol dos sumeenses. Bomba aproveitou para convidar a popula\u00e7\u00e3o para que possam acompanhar as sess\u00f5es todas as ter\u00e7as.<\/p>\n\n\n\n<p>Ascom- C\u00e2mara<\/p>\n","protected":false},"excerpt":{"rendered":"<p>Na noite desta ter\u00e7a-feira (20), aconteceu o encontro do Legislativo sumeense, a reuni\u00e3o aconteceu no plen\u00e1rio da Casa C\u00edcero Soares. O vereador Branco Xiliu apresentou&hellip; <\/p>\n","protected":false},"author":1,"featured_media":111342,"comment_status":"closed","ping_status":"closed","sticky":false,"template":"","format":"standard","meta":{"sfsi_plus_gutenberg_text_before_share":"","sfsi_plus_gutenberg_show_text_before_share":"","sfsi_plus_gutenberg_icon_type":"","sfsi_plus_gutenberg_icon_alignemt":"","sfsi_plus_gutenburg_max_per_row":"","footnotes":""},"categories":[2],"tags":[],"class_list":["post-111341","post","type-post","status-publish","format-standard","has-post-thumbnail","hentry","category-geral"],"_links":{"self":[{"href":"https:\/\/www.caririemacao.com\/1\/wp-json\/wp\/v2\/posts\/111341","targetHints":{"allow":["GET"]}}],"collection":[{"href":"https:\/\/www.caririemacao.com\/1\/wp-json\/wp\/v2\/posts"}],"about":[{"href":"https:\/\/www.caririemacao.com\/1\/wp-json\/wp\/v2\/types\/post"}],"author":[{"embeddable":true,"href":"https:\/\/www.caririemacao.com\/1\/wp-json\/wp\/v2\/users\/1"}],"replies":[{"embeddable":true,"href":"https:\/\/www.caririemacao.com\/1\/wp-json\/wp\/v2\/comments?post=111341"}],"version-history":[{"count":1,"href":"https:\/\/www.caririemacao.com\/1\/wp-json\/wp\/v2\/posts\/111341\/revisions"}],"predecessor-version":[{"id":111343,"href":"https:\/\/www.caririemacao.com\/1\/wp-json\/wp\/v2\/posts\/111341\/revisions\/111343"}],"wp:featuredmedia":[{"embeddable":true,"href":"https:\/\/www.caririemacao.com\/1\/wp-json\/wp\/v2\/media\/111342"}],"wp:attachment":[{"href":"https:\/\/www.caririemacao.com\/1\/wp-json\/wp\/v2\/media?parent=111341"}],"wp:term":[{"taxonomy":"category","embeddable":true,"href":"https:\/\/www.caririemacao.com\/1\/wp-json\/wp\/v2\/categories?post=111341"},{"taxonomy":"post_tag","embeddable":true,"href":"https:\/\/www.caririemacao.com\/1\/wp-json\/wp\/v2\/tags?post=111341"}],"curies":[{"name":"wp","href":"https:\/\/api.w.org\/{rel}","templated":true}]}}