{"id":111363,"date":"2019-08-21T08:29:45","date_gmt":"2019-08-21T11:29:45","guid":{"rendered":"http:\/\/www.caririemacao.com\/1\/?p=111363"},"modified":"2019-08-21T08:29:45","modified_gmt":"2019-08-21T11:29:45","slug":"crianca-de-2-anos-e-socorrida-apos-ser-espancada-pelo-padrasto-em-mamanguape","status":"publish","type":"post","link":"https:\/\/www.caririemacao.com\/1\/2019\/08\/21\/crianca-de-2-anos-e-socorrida-apos-ser-espancada-pelo-padrasto-em-mamanguape\/","title":{"rendered":"Crian\u00e7a de 2 anos \u00e9 socorrida ap\u00f3s ser espancada pelo padrasto em Mamanguape"},"content":{"rendered":"\n<p>Uma crian\u00e7a de 2 anos foi hospitalizada na tarde desta ter\u00e7a-feira (20), v\u00edtima de agress\u00f5es e espancamento do pr\u00f3prio padrasto, em Mamanguape, no litoral norte da Para\u00edba.<\/p>\n\n\n\n<p>A crian\u00e7a foi socorrida pelo av\u00f4, que mora em Jo\u00e3o Pessoa, que levou a crian\u00e7a de carro at\u00e9 a capital do estado.<\/p>\n\n\n\n<p>A crian\u00e7a foi levada para o Hospital Infantil Valentina Figueiredo, e de l\u00e1, encaminhada por uma ambul\u00e2ncia do Servi\u00e7o de Atendimento M\u00f3vel de Urg\u00eancia (SAMU) para o Hospital de Trauma de Jo\u00e3o Pessoa.<\/p>\n\n\n\n<p>A crian\u00e7a foi recebida em estado grave, mas estabilizada. De acordo com o hospital, \u00e9 a segunda vez que a crian\u00e7a \u00e9 internada por espancamento. Na \u00faltima quinta-feira (15), a mesma crian\u00e7a foi internada v\u00edtima de agress\u00f5es.<\/p>\n\n\n\n<p>A m\u00e3e da crian\u00e7a, que tem 17 anos, foi apreendida pela pol\u00edcia. O padrasto est\u00e1 foragido.<\/p>\n","protected":false},"excerpt":{"rendered":"<p>Uma crian\u00e7a de 2 anos foi hospitalizada na tarde desta ter\u00e7a-feira (20), v\u00edtima de agress\u00f5es e espancamento do pr\u00f3prio padrasto, em Mamanguape, no litoral norte&hellip; <\/p>\n","protected":false},"author":1,"featured_media":111364,"comment_status":"closed","ping_status":"closed","sticky":false,"template":"","format":"standard","meta":{"sfsi_plus_gutenberg_text_before_share":"","sfsi_plus_gutenberg_show_text_before_share":"","sfsi_plus_gutenberg_icon_type":"","sfsi_plus_gutenberg_icon_alignemt":"","sfsi_plus_gutenburg_max_per_row":"","footnotes":""},"categories":[12],"tags":[],"class_list":["post-111363","post","type-post","status-publish","format-standard","has-post-thumbnail","hentry","category-policia"],"_links":{"self":[{"href":"https:\/\/www.caririemacao.com\/1\/wp-json\/wp\/v2\/posts\/111363","targetHints":{"allow":["GET"]}}],"collection":[{"href":"https:\/\/www.caririemacao.com\/1\/wp-json\/wp\/v2\/posts"}],"about":[{"href":"https:\/\/www.caririemacao.com\/1\/wp-json\/wp\/v2\/types\/post"}],"author":[{"embeddable":true,"href":"https:\/\/www.caririemacao.com\/1\/wp-json\/wp\/v2\/users\/1"}],"replies":[{"embeddable":true,"href":"https:\/\/www.caririemacao.com\/1\/wp-json\/wp\/v2\/comments?post=111363"}],"version-history":[{"count":1,"href":"https:\/\/www.caririemacao.com\/1\/wp-json\/wp\/v2\/posts\/111363\/revisions"}],"predecessor-version":[{"id":111365,"href":"https:\/\/www.caririemacao.com\/1\/wp-json\/wp\/v2\/posts\/111363\/revisions\/111365"}],"wp:featuredmedia":[{"embeddable":true,"href":"https:\/\/www.caririemacao.com\/1\/wp-json\/wp\/v2\/media\/111364"}],"wp:attachment":[{"href":"https:\/\/www.caririemacao.com\/1\/wp-json\/wp\/v2\/media?parent=111363"}],"wp:term":[{"taxonomy":"category","embeddable":true,"href":"https:\/\/www.caririemacao.com\/1\/wp-json\/wp\/v2\/categories?post=111363"},{"taxonomy":"post_tag","embeddable":true,"href":"https:\/\/www.caririemacao.com\/1\/wp-json\/wp\/v2\/tags?post=111363"}],"curies":[{"name":"wp","href":"https:\/\/api.w.org\/{rel}","templated":true}]}}