{"id":111383,"date":"2019-08-21T08:47:14","date_gmt":"2019-08-21T11:47:14","guid":{"rendered":"http:\/\/www.caririemacao.com\/1\/?p=111383"},"modified":"2019-08-21T08:47:14","modified_gmt":"2019-08-21T11:47:14","slug":"coaf-vai-continuar-a-trabalhar-com-independencia-e-autonomia-diz-moro","status":"publish","type":"post","link":"https:\/\/www.caririemacao.com\/1\/2019\/08\/21\/coaf-vai-continuar-a-trabalhar-com-independencia-e-autonomia-diz-moro\/","title":{"rendered":"Coaf vai continuar a trabalhar com independ\u00eancia e autonomia, diz Moro"},"content":{"rendered":"\n<p>O\u00a0ministro da Justi\u00e7a e Seguran\u00e7a P\u00fablica, Sergio Moro, disse hoje (20) que o Conselho de Controle de Atividades Financeiras (Coaf) vai continuar a dispor de independ\u00eancia e autonomia para cumprir sua miss\u00e3o de auxiliar \u00f3rg\u00e3os de governo a combater a lavagem de dinheiro e outras atividades financeiras criminosas, como a oculta\u00e7\u00e3o ou dissimula\u00e7\u00e3o de valores.A\u00a0<a href=\"http:\/\/www.in.gov.br\/en\/web\/dou\/-\/medida-provisoria-n-893-de-19-de-agosto-de-2019-211446132\">Medida Provis\u00f3ria<\/a>\u00a0n\u00ba 893, que trata da reformula\u00e7\u00e3o do \u00f3rg\u00e3o, foi publicada nesta ter\u00e7a-feira no Di\u00e1rio Oficial da Uni\u00e3o. O texto rebatiza o Coaf, transformando-o em Unidade de Intelig\u00eancia Financeira, e o transfere para a estrutura do Banco Central. Ainda segundo a publica\u00e7\u00e3o, a unidade ter\u00e1 autonomia t\u00e9cnica e operacional e atua\u00e7\u00e3o em todo o territ\u00f3rio nacional.\u201cEle vai continuar realizando o trabalho de intelig\u00eancia em rela\u00e7\u00e3o \u00e0 preven\u00e7\u00e3o \u00e0 lavagem de dinheiro com independ\u00eancia e autonomia\u201d, declarou o ministro.\u201cNo \u00e2mbito do combate \u00e0 criminalidade, \u00e9 essencial utilizarmos a intelig\u00eancia para enfrentarmos, prevenirmos e combatermos tamb\u00e9m a lavagem de dinheiro, j\u00e1 que a criminalidade organizada sempre se vale desse expediente para financiar suas atividades. Por esse motivo, defend\u00edamos a perman\u00eancia do Coaf no \u00e2mbito do Minist\u00e9rio da Justi\u00e7a e Seguran\u00e7a P\u00fablica\u201d, afirmou Moro.\u201cEvidentemente, para a transfer\u00eancia da estrutura [do Minist\u00e9rio da Justi\u00e7a e Seguran\u00e7a P\u00fablica para o Banco Central], algumas modifica\u00e7\u00f5es tiveram que ser realizadas, mas n\u00e3o existe nenhum receio de que o Coaf, agora com o novo nome, deixe de realizar seu trabalho\u201d, acrescentou o ministro, rebatendo ressalvas e cr\u00edticas \u00e0 mudan\u00e7a, que classificou como \u201cuma s\u00e9rie de receios infundados\u201d.\u201cH\u00e1 algumas pequenas mudan\u00e7as, mas, no fundo, a estrutura do Coaf permanece a mesma dentro do Banco Central. Inclusive com a expectativa de manuten\u00e7\u00e3o dos planos de amplia\u00e7\u00e3o. Expectativa n\u00e3o \u2013 a pr\u00f3pria MP faz refer\u00eancia \u00e0 manuten\u00e7\u00e3o da estrutura de cargos que refor\u00e7amos aqui, no minist\u00e9rio\u201d, concluiu.<\/p>\n","protected":false},"excerpt":{"rendered":"<p>O\u00a0ministro da Justi\u00e7a e Seguran\u00e7a P\u00fablica, Sergio Moro, disse hoje (20) que o Conselho de Controle de Atividades Financeiras (Coaf) vai continuar a dispor de&hellip; <\/p>\n","protected":false},"author":1,"featured_media":106330,"comment_status":"closed","ping_status":"closed","sticky":false,"template":"","format":"standard","meta":{"sfsi_plus_gutenberg_text_before_share":"","sfsi_plus_gutenberg_show_text_before_share":"","sfsi_plus_gutenberg_icon_type":"","sfsi_plus_gutenberg_icon_alignemt":"","sfsi_plus_gutenburg_max_per_row":"","footnotes":""},"categories":[2],"tags":[],"class_list":["post-111383","post","type-post","status-publish","format-standard","has-post-thumbnail","hentry","category-geral"],"_links":{"self":[{"href":"https:\/\/www.caririemacao.com\/1\/wp-json\/wp\/v2\/posts\/111383","targetHints":{"allow":["GET"]}}],"collection":[{"href":"https:\/\/www.caririemacao.com\/1\/wp-json\/wp\/v2\/posts"}],"about":[{"href":"https:\/\/www.caririemacao.com\/1\/wp-json\/wp\/v2\/types\/post"}],"author":[{"embeddable":true,"href":"https:\/\/www.caririemacao.com\/1\/wp-json\/wp\/v2\/users\/1"}],"replies":[{"embeddable":true,"href":"https:\/\/www.caririemacao.com\/1\/wp-json\/wp\/v2\/comments?post=111383"}],"version-history":[{"count":1,"href":"https:\/\/www.caririemacao.com\/1\/wp-json\/wp\/v2\/posts\/111383\/revisions"}],"predecessor-version":[{"id":111384,"href":"https:\/\/www.caririemacao.com\/1\/wp-json\/wp\/v2\/posts\/111383\/revisions\/111384"}],"wp:featuredmedia":[{"embeddable":true,"href":"https:\/\/www.caririemacao.com\/1\/wp-json\/wp\/v2\/media\/106330"}],"wp:attachment":[{"href":"https:\/\/www.caririemacao.com\/1\/wp-json\/wp\/v2\/media?parent=111383"}],"wp:term":[{"taxonomy":"category","embeddable":true,"href":"https:\/\/www.caririemacao.com\/1\/wp-json\/wp\/v2\/categories?post=111383"},{"taxonomy":"post_tag","embeddable":true,"href":"https:\/\/www.caririemacao.com\/1\/wp-json\/wp\/v2\/tags?post=111383"}],"curies":[{"name":"wp","href":"https:\/\/api.w.org\/{rel}","templated":true}]}}