{"id":111393,"date":"2019-08-21T08:59:23","date_gmt":"2019-08-21T11:59:23","guid":{"rendered":"http:\/\/www.caririemacao.com\/1\/?p=111393"},"modified":"2019-08-21T08:59:23","modified_gmt":"2019-08-21T11:59:23","slug":"tarifa-de-energia-fica-427-mais-barata-na-paraiba","status":"publish","type":"post","link":"https:\/\/www.caririemacao.com\/1\/2019\/08\/21\/tarifa-de-energia-fica-427-mais-barata-na-paraiba\/","title":{"rendered":"Tarifa de energia fica 4,27% mais barata na Para\u00edba"},"content":{"rendered":"\n<p>&nbsp;Ag\u00eancia Nacional de Energia El\u00e9trica (Aneel) aprovou, nesta ter\u00e7a-feira (20), a redu\u00e7\u00e3o da tarifa de energia para os consumidores da Energisa Para\u00edba. O efeito m\u00e9dio a ser percebido pelo consumidor \u00e9 de menos 4,27%.<\/p>\n\n\n\n<p>Para os clientes de baixa tens\u00e3o, a redu\u00e7\u00e3o ser\u00e1 de 4,23%. J\u00e1 para os clientes de alta e m\u00e9dia tens\u00e3o, a exemplo das ind\u00fastrias, a redu\u00e7\u00e3o ser\u00e1 de 4,40%. A nova tarifa passa a vigorar a partir de 28 de agosto, quarta-feira, sendo aplicada na energia consumida a partir dessa data.<\/p>\n\n\n\n<figure class=\"wp-block-image\"><img decoding=\"async\" data-src=\"https:\/\/www.clickpb.com.br\/media\/filer_public\/e0\/b8\/e0b8aa61-0bf2-4f49-bb3b-eb6e6d605b8c\/energisa_pb_reducao_tarifa.jpg\" alt=\"\" src=\"data:image\/svg+xml;base64,PHN2ZyB3aWR0aD0iMSIgaGVpZ2h0PSIxIiB4bWxucz0iaHR0cDovL3d3dy53My5vcmcvMjAwMC9zdmciPjwvc3ZnPg==\" class=\"lazyload\" \/><\/figure>\n\n\n\n<p>Ricardo Jos\u00e9 Charbel, diretor-presidente da Energisa Para\u00edba, lembra que a conta de energia est\u00e1 relacionada ao consumo do cliente. E que, mesmo a tarifa estando mais baixa, \u00e9 necess\u00e1rio ter h\u00e1bitos de consumo eficiente. \u201cA forma como utilizamos a energia impacta diretamente no nosso or\u00e7amento familiar e empresarial. Ter atitudes que contribuam para a redu\u00e7\u00e3o da conta de energia deve ser parte da rotina de todos n\u00f3s\u201d, comentou.<\/p>\n\n\n\n<p>O reajuste tarif\u00e1rio \u00e9 um processo regulado pela Aneel, previsto no contrato de concess\u00e3o da empresa. Estes contratos apresentam regras bem definidas a respeito das contas de luz, bem como a metodologia de c\u00e1lculo dos reajustes. Pela norma, o valor da tarifa poder\u00e1 ser reajustado anualmente \u2013 o chamado Reajuste Tarif\u00e1rio Anual \u2013 e a cada quatro anos, no processo de Revis\u00e3o Tarif\u00e1ria Peri\u00f3dica.<\/p>\n\n\n\n<p><strong>Composi\u00e7\u00e3o da tarifa de energia el\u00e9trica<\/strong><\/p>\n\n\n\n<p>A tarifa de energia el\u00e9trica \u00e9 composta por custos da distribui\u00e7\u00e3o, que formam a Parcela B da tarifa, e os custos de transmiss\u00e3o e gera\u00e7\u00e3o de energia, al\u00e9m de encargos e impostos, chamados de Parcela A. O pre\u00e7o final da tarifa \u00e9 dividido, portanto, em duas parcelas:<\/p>\n\n\n\n<p>Parcela A \u2013 trata-se de custos cujos montantes e pre\u00e7os escapam \u00e0 vontade ou gest\u00e3o da distribuidora, que atua apenas como arrecadadora;<\/p>\n\n\n\n<p>Parcela B \u2013 custos diretamente gerenci\u00e1veis, administrados pela pr\u00f3pria distribuidora, como opera\u00e7\u00e3o e manuten\u00e7\u00e3o e remunera\u00e7\u00e3o dos investimentos.<\/p>\n\n\n\n<p>Na conta de luz reproduzida abaixo, \u00e9 poss\u00edvel conferir a composi\u00e7\u00e3o da tarifa residencial antes e depois da corre\u00e7\u00e3o:<\/p>\n\n\n\n<figure class=\"wp-block-image\"><img decoding=\"async\" data-src=\"https:\/\/www.clickpb.com.br\/media\/filer_public\/90\/83\/9083bb67-b3e1-401b-9dfd-36f3050c0c18\/energisa_pb_reducao_tarifa.jpg\" alt=\"\" src=\"data:image\/svg+xml;base64,PHN2ZyB3aWR0aD0iMSIgaGVpZ2h0PSIxIiB4bWxucz0iaHR0cDovL3d3dy53My5vcmcvMjAwMC9zdmciPjwvc3ZnPg==\" class=\"lazyload\" \/><\/figure>\n\n\n\n<p>Nos processos de Reajustes Tarif\u00e1rios Anuais, a Aneel promove um reajuste na tarifa vigente a fim de corrigir seu valor pelo \u00edndice de infla\u00e7\u00e3o acumulado no \u00faltimo ano. Al\u00e9m disso, nesse processo a Aneel aplica um fator de ajuste que visa compartilhar com seus consumidores o ganho de efici\u00eancia obtido pela empresa, que no caso da Para\u00edba \u00e9 a Energisa, e, com isso, diminuir o impacto do \u00edndice de reajuste anual.<\/p>\n\n\n\n<p><strong>Encargos e impostos na tarifa<\/strong><\/p>\n\n\n\n<p>A ilustra\u00e7\u00e3o abaixo mostra a divis\u00e3o da fatura de energia el\u00e9trica em cada um dos itens que comp\u00f5em a cadeia do setor el\u00e9trico brasileiro, considerando a receita da concession\u00e1ria acrescida dos impostos e tributos (ICMS, PIS\/COFINS). A tarifa final do consumidor da Energisa Para\u00edba cont\u00e9m 42,26% de encargos e impostos.<\/p>\n\n\n\n<figure class=\"wp-block-image\"><img decoding=\"async\" data-src=\"https:\/\/www.clickpb.com.br\/media\/filer_public\/cc\/68\/cc6818ac-bc8b-4a45-bc9e-c1c25b1e3ccf\/energisa_pb.jpg\" alt=\"\" src=\"data:image\/svg+xml;base64,PHN2ZyB3aWR0aD0iMSIgaGVpZ2h0PSIxIiB4bWxucz0iaHR0cDovL3d3dy53My5vcmcvMjAwMC9zdmciPjwvc3ZnPg==\" class=\"lazyload\" \/><\/figure>\n\n\n\n<p>A parte que cabe \u00e0 distribuidora de energia representa apenas 22,21% da composi\u00e7\u00e3o da tarifa. \u00c9 por meio dessa parcela que a Energisa Para\u00edba distribui energia a todos os clientes, paga funcion\u00e1rios, fornecedores e prestadores de servi\u00e7o, mant\u00e9m e amplia a rede e os sistemas el\u00e9tricos, al\u00e9m de investir na moderniza\u00e7\u00e3o e melhoria crescente da qualidade dos servi\u00e7os prestados. A nova tarifa entra em vigor a partir de 28 de agosto de 2019, sendo aplicada na energia consumida a partir desta data.<\/p>\n\n\n\n<p>A Energisa Para\u00edba \u00e9 respons\u00e1vel pela distribui\u00e7\u00e3o de energia a 216 munic\u00edpios do estado, totalizando 1,42 milh\u00e3o de unidades consumidoras. Em 2018, a empresa foi considerada, pelo segundo ano consecutivo, a melhor distribuidora de energia do Nordeste pela Associa\u00e7\u00e3o Brasileira de Distribuidores de Energia El\u00e9trica (Abradee). A pesquisa apurou tamb\u00e9m a satisfa\u00e7\u00e3o dos mais de 4 milh\u00f5es de paraibanos com o servi\u00e7o prestado e, na opini\u00e3o de mais de 80% de seus clientes, a empresa presta um excelente servi\u00e7o (\u00cdndice Satisfa\u00e7\u00e3o da Qualidade Percebida \u2013 ISQP).<\/p>\n\n\n\n<p><strong>Dicas: Consumo Consciente e Tarifa Social<\/strong><\/p>\n\n\n\n<p>Vale lembrar que existem alternativas para reduzir ainda mais a conta de luz, como a Tarifa Social de Energia El\u00e9trica onde fam\u00edlias com renda de at\u00e9 meio sal\u00e1rio m\u00ednimo por pessoa t\u00eam direito ao benef\u00edcio, concedido pelo Governo Federal, e podem obter descontos de at\u00e9 65% na tarifa. Para se cadastrar no programa \u00e9 preciso procurar o Centro de Refer\u00eancia em Assist\u00eancia Social da cidade com documentos pessoais e o n\u00famero de NIS. Ap\u00f3s realizado o cadastro, o cliente deve procurar um posto de atendimento da EPB para finalizar o processo.<\/p>\n\n\n\n<p>Outra forma \u00e9 reduzir o consumo de energia, e pequenas a\u00e7\u00f5es no dia a dia podem fazer a diferen\u00e7a. Al\u00e9m do site da EPB, o cliente pode obter dicas nos canais nas redes sociais \u2013 principalmente o Twitter, Facebook e o canal no You Tube \u2013, fontes importantes de informa\u00e7\u00e3o sobre consumo consciente. No site da Energisa \u00e9 poss\u00edvel encontrar ainda v\u00eddeos explicativos que facilitam o entendimento do consumidor a respeito da conta, da composi\u00e7\u00e3o da tarifa e sobre como \u00e9 poss\u00edvel economizar.<\/p>\n\n\n\n<p>Um aspecto fundamental que pressiona a tarifa \u00e9 o furto de energia. Para se ter uma tarifa de energia mais barata no futuro, \u00e9 necess\u00e1rio que as pessoas n\u00e3o fa\u00e7am e n\u00e3o aceitem o furto de energia. Essas irregularidades, al\u00e9m de impactarem o valor da conta de luz, prejudicam a qualidade do fornecimento, provocam acidentes que podem ser fatais e reduzem a arrecada\u00e7\u00e3o de impostos que poderiam ser revertidos em benef\u00edcios para toda a popula\u00e7\u00e3o. Na Para\u00edba, o cidad\u00e3o pode denunciar o furto de energia de maneira sigilosa pelo 0800 083 0196, site&nbsp;<a href=\"http:\/\/www.energisa.com.br\/\">www.energisa.com.br<\/a>&nbsp;ou pelo app Energisa On.<\/p>\n","protected":false},"excerpt":{"rendered":"<p>&nbsp;Ag\u00eancia Nacional de Energia El\u00e9trica (Aneel) aprovou, nesta ter\u00e7a-feira (20), a redu\u00e7\u00e3o da tarifa de energia para os consumidores da Energisa Para\u00edba. O efeito m\u00e9dio&hellip; <\/p>\n","protected":false},"author":1,"featured_media":97099,"comment_status":"closed","ping_status":"closed","sticky":false,"template":"","format":"standard","meta":{"sfsi_plus_gutenberg_text_before_share":"","sfsi_plus_gutenberg_show_text_before_share":"","sfsi_plus_gutenberg_icon_type":"","sfsi_plus_gutenberg_icon_alignemt":"","sfsi_plus_gutenburg_max_per_row":"","footnotes":""},"categories":[6],"tags":[],"class_list":["post-111393","post","type-post","status-publish","format-standard","has-post-thumbnail","hentry","category-cidades"],"_links":{"self":[{"href":"https:\/\/www.caririemacao.com\/1\/wp-json\/wp\/v2\/posts\/111393","targetHints":{"allow":["GET"]}}],"collection":[{"href":"https:\/\/www.caririemacao.com\/1\/wp-json\/wp\/v2\/posts"}],"about":[{"href":"https:\/\/www.caririemacao.com\/1\/wp-json\/wp\/v2\/types\/post"}],"author":[{"embeddable":true,"href":"https:\/\/www.caririemacao.com\/1\/wp-json\/wp\/v2\/users\/1"}],"replies":[{"embeddable":true,"href":"https:\/\/www.caririemacao.com\/1\/wp-json\/wp\/v2\/comments?post=111393"}],"version-history":[{"count":1,"href":"https:\/\/www.caririemacao.com\/1\/wp-json\/wp\/v2\/posts\/111393\/revisions"}],"predecessor-version":[{"id":111394,"href":"https:\/\/www.caririemacao.com\/1\/wp-json\/wp\/v2\/posts\/111393\/revisions\/111394"}],"wp:featuredmedia":[{"embeddable":true,"href":"https:\/\/www.caririemacao.com\/1\/wp-json\/wp\/v2\/media\/97099"}],"wp:attachment":[{"href":"https:\/\/www.caririemacao.com\/1\/wp-json\/wp\/v2\/media?parent=111393"}],"wp:term":[{"taxonomy":"category","embeddable":true,"href":"https:\/\/www.caririemacao.com\/1\/wp-json\/wp\/v2\/categories?post=111393"},{"taxonomy":"post_tag","embeddable":true,"href":"https:\/\/www.caririemacao.com\/1\/wp-json\/wp\/v2\/tags?post=111393"}],"curies":[{"name":"wp","href":"https:\/\/api.w.org\/{rel}","templated":true}]}}