{"id":111398,"date":"2019-08-21T09:04:29","date_gmt":"2019-08-21T12:04:29","guid":{"rendered":"http:\/\/www.caririemacao.com\/1\/?p=111398"},"modified":"2019-08-21T09:04:29","modified_gmt":"2019-08-21T12:04:29","slug":"carlos-bolsonaro-lanca-a-mae-rogeria-bolsonaro-para-eleicao-a-camara-do-rio","status":"publish","type":"post","link":"https:\/\/www.caririemacao.com\/1\/2019\/08\/21\/carlos-bolsonaro-lanca-a-mae-rogeria-bolsonaro-para-eleicao-a-camara-do-rio\/","title":{"rendered":"Carlos Bolsonaro lan\u00e7a a m\u00e3e, Rog\u00e9ria Bolsonaro, para elei\u00e7\u00e3o \u00e0 C\u00e2mara do Rio"},"content":{"rendered":"\n<p>O Desgostoso com a pol\u00edtica, o vereador Carlos Bolsonaro (PSC) acaba de lan\u00e7ar a m\u00e3e, Rog\u00e9ria, para disputar uma vaga na C\u00e2mara Municipal do Rio de Janeiro nas elei\u00e7\u00f5es do ano que vem.<\/p>\n\n\n\n<p>Ap\u00f3s avisar a aliados que n\u00e3o pretende concorrer \u00e0 reelei\u00e7\u00e3o, Carlos se dedica a impulsionar os perfis da m\u00e3e nas redes sociais. Al\u00e9m de divulgar Rog\u00e9ria em suas p\u00e1ginas, ele orienta a assessoria dela.<\/p>\n\n\n\n<p>Segundo interlocutores, \u00e9 ele quem coordena a pr\u00e9-campanha da m\u00e3e nas redes, onde a foto de Rog\u00e9ria \u00e9 acompanhada por inscri\u00e7\u00f5es em rosa e lil\u00e1s. No material idealizado por Carlos, Rog\u00e9ria usa o sobrenome do ex-marido e hoje presidente da Rep\u00fablica, Jair Bolsonaro (PSL).<\/p>\n\n\n\n<p>Essa seria uma maneira de reparar Rog\u00e9ria: em 2000, a pedido do pai, Carlos concorreu contra a pr\u00f3pria m\u00e3e e se elegeu vereador aos 17 anos.<\/p>\n\n\n\n<p>Separada de Bolsonaro havia tr\u00eas anos, Rog\u00e9ria buscava seu terceiro mandato na C\u00e2mara de Vereadores. Mas n\u00e3o chegou a um ter\u00e7o da vota\u00e7\u00e3o de seu ca\u00e7ula.<\/p>\n\n\n\n<p>Desde junho deste ano, ela ocupa um cargo na assessoria parlamentar do deputado Anderson Moraes (PSL) na Assembleia Legislativa do Rio.<\/p>\n\n\n\n<p>Nas contas de seus aliados, Carlos poderia se eleger e garantir a elei\u00e7\u00e3o da m\u00e3e se estivesse disposto a concorrer no ano que vem. Mas o vereador tem repetido que n\u00e3o pretende se candidatar -muito menos pelo PSC.<\/p>\n\n\n\n<p>A amigos ele tem manifestado a inten\u00e7\u00e3o de se mudar para Santa Catarina, afastando-se da pol\u00edtica. Aliados torcem para que sua decis\u00e3o n\u00e3o seja definitiva e que ele se valha de uma janela para trocar de sigla, lan\u00e7ando-se ao sexto mandato.<\/p>\n\n\n\n<p>H\u00e1 alguns dias, Carlos afirmou, nas redes sociais, que &#8220;ser vereador n\u00e3o deveria se resumir somente entender sua cidade, mas o pa\u00eds que nos cerca para que possamos assimilar cada vez mais as pessoas que depositaram confian\u00e7a em voc\u00ea&#8221;.<\/p>\n\n\n\n<p>&#8220;Acredito nisso e nada me far\u00e1 agir diferente&#8221;, escreveu.<\/p>\n\n\n\n<p>Ele tamb\u00e9m elencou a\u00e7\u00f5es de seu mandato, sob o t\u00edtulo &#8220;o trabalho do vereador Carlos Bolsonaro que muitos fingem n\u00e3o saber para somente nos desacreditar&#8221;.<\/p>\n\n\n\n<p>Entre os itens, o voto contr\u00e1rio ao aumento do IPTU e \u00e0 compra de carros para vereadores. Ele tamb\u00e9m exaltou o fato de ter se posicionado contra o desconto nas passagens exclusivo para estudantes com carteirinha emitida pela UNE (Uni\u00e3o Nacional dos Estudantes).<\/p>\n","protected":false},"excerpt":{"rendered":"<p>O Desgostoso com a pol\u00edtica, o vereador Carlos Bolsonaro (PSC) acaba de lan\u00e7ar a m\u00e3e, Rog\u00e9ria, para disputar uma vaga na C\u00e2mara Municipal do Rio&hellip; <\/p>\n","protected":false},"author":1,"featured_media":111399,"comment_status":"closed","ping_status":"closed","sticky":false,"template":"","format":"standard","meta":{"sfsi_plus_gutenberg_text_before_share":"","sfsi_plus_gutenberg_show_text_before_share":"","sfsi_plus_gutenberg_icon_type":"","sfsi_plus_gutenberg_icon_alignemt":"","sfsi_plus_gutenburg_max_per_row":"","footnotes":""},"categories":[11],"tags":[],"class_list":["post-111398","post","type-post","status-publish","format-standard","has-post-thumbnail","hentry","category-politica"],"_links":{"self":[{"href":"https:\/\/www.caririemacao.com\/1\/wp-json\/wp\/v2\/posts\/111398","targetHints":{"allow":["GET"]}}],"collection":[{"href":"https:\/\/www.caririemacao.com\/1\/wp-json\/wp\/v2\/posts"}],"about":[{"href":"https:\/\/www.caririemacao.com\/1\/wp-json\/wp\/v2\/types\/post"}],"author":[{"embeddable":true,"href":"https:\/\/www.caririemacao.com\/1\/wp-json\/wp\/v2\/users\/1"}],"replies":[{"embeddable":true,"href":"https:\/\/www.caririemacao.com\/1\/wp-json\/wp\/v2\/comments?post=111398"}],"version-history":[{"count":1,"href":"https:\/\/www.caririemacao.com\/1\/wp-json\/wp\/v2\/posts\/111398\/revisions"}],"predecessor-version":[{"id":111400,"href":"https:\/\/www.caririemacao.com\/1\/wp-json\/wp\/v2\/posts\/111398\/revisions\/111400"}],"wp:featuredmedia":[{"embeddable":true,"href":"https:\/\/www.caririemacao.com\/1\/wp-json\/wp\/v2\/media\/111399"}],"wp:attachment":[{"href":"https:\/\/www.caririemacao.com\/1\/wp-json\/wp\/v2\/media?parent=111398"}],"wp:term":[{"taxonomy":"category","embeddable":true,"href":"https:\/\/www.caririemacao.com\/1\/wp-json\/wp\/v2\/categories?post=111398"},{"taxonomy":"post_tag","embeddable":true,"href":"https:\/\/www.caririemacao.com\/1\/wp-json\/wp\/v2\/tags?post=111398"}],"curies":[{"name":"wp","href":"https:\/\/api.w.org\/{rel}","templated":true}]}}