{"id":111418,"date":"2019-08-21T09:20:06","date_gmt":"2019-08-21T12:20:06","guid":{"rendered":"http:\/\/www.caririemacao.com\/1\/?p=111418"},"modified":"2019-08-21T09:20:06","modified_gmt":"2019-08-21T12:20:06","slug":"tosse-cronica-pode-ser-desde-alergia-ate-doenca-cardiaca-entenda","status":"publish","type":"post","link":"https:\/\/www.caririemacao.com\/1\/2019\/08\/21\/tosse-cronica-pode-ser-desde-alergia-ate-doenca-cardiaca-entenda\/","title":{"rendered":"Tosse cr\u00f4nica pode ser desde alergia at\u00e9 doen\u00e7a card\u00edaca. Entenda"},"content":{"rendered":"\n<p>Existem mais de uma dezena de causas para a tosse. As mais comuns est\u00e3o relacionadas a gripes ou alergias e, felizmente, n\u00e3o s\u00e3o motivo de preocupa\u00e7\u00e3o. No entanto, tossir com frequ\u00eancia por mais de oito semanas exige aten\u00e7\u00e3o m\u00e9dica.<\/p>\n\n\n\n<p>No Brasil, a recomenda\u00e7\u00e3o do Minist\u00e9rio da Sa\u00fade \u00e9 que a partir da terceira semana seja investigada a possibilidade de tuberculose. Ainda assim, se a doen\u00e7a for descartada e a tosse continuar, \u00e9 preciso verificar com mais profundidade.<\/p>\n\n\n\n<p>Os motivos podem ser desde uma rinite cr\u00f4nica ou um refluxo cr\u00f4nico at\u00e9 c\u00e2ncer de pulm\u00e3o ou mesmo problemas card\u00edacos.<\/p>\n\n\n\n<figure><iframe width=\"1\" height=\"1\"><\/iframe><\/figure>\n\n\n\n<p>O m\u00e9dico pneumologista Francisco Mazon explica que que as tosses se dividem em tr\u00eas grupos: agudas (at\u00e9 tr\u00eas semanas de dura\u00e7\u00e3o); subagudas (de tr\u00eas a oito semanas); e cr\u00f4nicas (acima de oito semanas). A principal causa de tosse aguda s\u00e3o quadros, como um resfriado, sinusite, pneumonia. Nas tosses subagudas, tem o que a gente chama de tosse de via a\u00e9rea superior, que \u00e9 o muco que sai do nariz e goteja na garganta. Esse tipo est\u00e1 muito relacionado a alergias, rinites, ar seco, polui\u00e7\u00e3o e varia\u00e7\u00e3o da temperatura.&#8221;<\/p>\n\n\n\n<p>&nbsp;refluxo g\u00e1strico tamb\u00e9m \u00e9 outra causa comum e menos preocupante de tosse. Se for cr\u00f4nico, assim como a rinite, pode ser que se manifeste por um per\u00edodo mais longo.<\/p>\n\n\n\n<p>&#8220;Tem quadros que a pessoa t\u00eam muitos sintomas: queima\u00e7\u00e3o, azia, arrotos, mas em outros, o \u00fanico sintoma do refluxo \u00e9 s\u00f3 a tosse&#8221;, observa o pneumologista.<\/p>\n\n\n\n<h3 class=\"wp-block-heading\">Tosse persistente<\/h3>\n\n\n\n<p><em><\/em><\/p>\n\n\n\n<p>A tosse requer aten\u00e7\u00e3o especial quando passa de oito semanas. \u00c9 nessa fase que s\u00e3o identificados problemas mais graves, como c\u00e2ncer de pulm\u00e3o, enfisema, congest\u00e3o do pulm\u00e3o, ac\u00famulo de l\u00edquido na pleura e at\u00e9 mesmo doen\u00e7as card\u00edacas.<\/p>\n\n\n\n<p>Embora tenha outros sintomas, a tosse cr\u00f4nica \u00e9 um dos sinais de insufici\u00eancia card\u00edaca.&nbsp;<\/p>\n\n\n\n<p>&#8220;Cora\u00e7\u00e3o e pulm\u00e3o trabalham juntos. A insufici\u00eancia card\u00edaca pode provocar a congest\u00e3o do pulm\u00e3o, que \u00e9 como se ele se transformasse em uma esponja molhada. O cora\u00e7\u00e3o n\u00e3o consegue bombear o sangue para a frente e causa ac\u00famulo de l\u00edquidos&#8221;, explica Mazon, ressaltando que outro sintoma comum nesses casos \u00e9 o incha\u00e7o das pernas.<\/p>\n\n\n\n<h3 class=\"wp-block-heading\">Aten\u00e7\u00e3o com travesseiros e mofo<\/h3>\n\n\n\n<p><em><\/em><\/p>\n\n\n\n<p>Algumas doen\u00e7as que inflamam o interst\u00edcio, uma esp\u00e9cie de &#8220;recheio&#8221; do pulm\u00e3o, podem provocar tosse. Esses processos resultam na chamada fibrose, uma cicatriza\u00e7\u00e3o que torna o \u00f3rg\u00e3o mais r\u00edgido e diminui sua capacidade.<\/p>\n\n\n\n<p>O m\u00e9dico alerta que esse tipo de problema pode ser causado por inalar poeira de origem org\u00e2nica, presente em plumas de travesseiros ou roupas de cama feitas de penas, mofo e gr\u00e3os armazenados em silos.<\/p>\n\n\n\n<p>&#8220;Se o paciente estiver na fase de tosse aguda, a gente afasta dessa exposi\u00e7\u00e3o, trata com anti-inflamat\u00f3rio e consegue reverter a situa\u00e7\u00e3o. Mas se j\u00e1 tiver formada a fibrose, \u00e9 irrevers\u00edvel&#8221;, acrescenta.<\/p>\n\n\n\n<p>O pneumologista recomenda evitar roupas de cama com materiais de origem animal e para ficar atento \u00e0 presen\u00e7a de mofo na casa.<\/p>\n\n\n\n<p>&#8220;Toda subst\u00e2ncia org\u00e2nica, especialmente pena e mofo, pode desencadear rea\u00e7\u00e3o al\u00e9rgica pulmonar, que \u00e9 uma coisa progressiva. Nem todo mundo tem o mesmo risco, tem que ter uma predisposi\u00e7\u00e3o gen\u00e9tica. Mas ainda que n\u00e3o tenha, existe o risco, apesar de ser menor.&#8221;<\/p>\n\n\n\n<p>A fibrose tamb\u00e9m pode ser provocada por inalar subst\u00e2ncias qu\u00edmicas t\u00f3xicas ou pelo uso de drogas, como a coca\u00edna. Al\u00e9m disso, pessoas idosas podem apresentar o que os m\u00e9dicos classificam de fibrose pulmonar idiop\u00e1tica, em que n\u00e3o h\u00e1 causa \u00fanica e determinada.<\/p>\n\n\n\n<p>At\u00e9 algum tempo atr\u00e1s n\u00e3o havia medicamento para essa doen\u00e7a, cujo tempo m\u00e9dio de vida do paciente \u00e9 de 18 meses, muito semelhante a um c\u00e2ncer de pulm\u00e3o avan\u00e7ado. O rem\u00e9dio n\u00e3o \u00e9 a cura, mas consegue aumentar um pouco a expectativa e a qualidade de vida do paciente, embora ainda permane\u00e7a curta.<\/p>\n","protected":false},"excerpt":{"rendered":"<p>Existem mais de uma dezena de causas para a tosse. As mais comuns est\u00e3o relacionadas a gripes ou alergias e, felizmente, n\u00e3o s\u00e3o motivo de&hellip; <\/p>\n","protected":false},"author":1,"featured_media":111419,"comment_status":"closed","ping_status":"closed","sticky":false,"template":"","format":"standard","meta":{"sfsi_plus_gutenberg_text_before_share":"","sfsi_plus_gutenberg_show_text_before_share":"","sfsi_plus_gutenberg_icon_type":"","sfsi_plus_gutenberg_icon_alignemt":"","sfsi_plus_gutenburg_max_per_row":"","footnotes":""},"categories":[2],"tags":[],"class_list":["post-111418","post","type-post","status-publish","format-standard","has-post-thumbnail","hentry","category-geral"],"_links":{"self":[{"href":"https:\/\/www.caririemacao.com\/1\/wp-json\/wp\/v2\/posts\/111418","targetHints":{"allow":["GET"]}}],"collection":[{"href":"https:\/\/www.caririemacao.com\/1\/wp-json\/wp\/v2\/posts"}],"about":[{"href":"https:\/\/www.caririemacao.com\/1\/wp-json\/wp\/v2\/types\/post"}],"author":[{"embeddable":true,"href":"https:\/\/www.caririemacao.com\/1\/wp-json\/wp\/v2\/users\/1"}],"replies":[{"embeddable":true,"href":"https:\/\/www.caririemacao.com\/1\/wp-json\/wp\/v2\/comments?post=111418"}],"version-history":[{"count":1,"href":"https:\/\/www.caririemacao.com\/1\/wp-json\/wp\/v2\/posts\/111418\/revisions"}],"predecessor-version":[{"id":111420,"href":"https:\/\/www.caririemacao.com\/1\/wp-json\/wp\/v2\/posts\/111418\/revisions\/111420"}],"wp:featuredmedia":[{"embeddable":true,"href":"https:\/\/www.caririemacao.com\/1\/wp-json\/wp\/v2\/media\/111419"}],"wp:attachment":[{"href":"https:\/\/www.caririemacao.com\/1\/wp-json\/wp\/v2\/media?parent=111418"}],"wp:term":[{"taxonomy":"category","embeddable":true,"href":"https:\/\/www.caririemacao.com\/1\/wp-json\/wp\/v2\/categories?post=111418"},{"taxonomy":"post_tag","embeddable":true,"href":"https:\/\/www.caririemacao.com\/1\/wp-json\/wp\/v2\/tags?post=111418"}],"curies":[{"name":"wp","href":"https:\/\/api.w.org\/{rel}","templated":true}]}}