{"id":111431,"date":"2019-08-21T09:51:15","date_gmt":"2019-08-21T12:51:15","guid":{"rendered":"http:\/\/www.caririemacao.com\/1\/?p=111431"},"modified":"2019-08-21T09:51:15","modified_gmt":"2019-08-21T12:51:15","slug":"projeto-que-obriga-agressor-a-ressarcir-sus-e-aprovado-na-camara","status":"publish","type":"post","link":"https:\/\/www.caririemacao.com\/1\/2019\/08\/21\/projeto-que-obriga-agressor-a-ressarcir-sus-e-aprovado-na-camara\/","title":{"rendered":"Projeto que obriga agressor a ressarcir SUS \u00e9 aprovado na C\u00e2mara"},"content":{"rendered":"\n<p>O projeto de lei que responsabiliza o agressor de viol\u00eancia dom\u00e9stica ressarcir o Sistema \u00danico de Sa\u00fade (SUS) pelos custos m\u00e9dicos e hospitalares de atendimento \u00e0 v\u00edtima foi aprovado no fim da noite dessa ter\u00e7a-feira (20) pelo plen\u00e1rio da C\u00e2mara dos Deputados.O texto havia sido aprovado pela C\u00e2mara, mas sofreu altera\u00e7\u00f5es durante a vota\u00e7\u00e3o no Senado. Por isso, teve que voltar para nova aprecia\u00e7\u00e3o dos deputados, que rejeitaram as mudan\u00e7as feitas pelos senadores. A mat\u00e9ria segue agora para san\u00e7\u00e3o presidencial.Umas das emendas rejeitadas previa que o ressarcimento ao SUS s\u00f3 ocorreria ap\u00f3s o processo tr\u00e2nsitar em julgado na inst\u00e2ncia criminal. A relatora, deputada Rose Modesto (PSDB-MS), entendeu que isso causaria uma demora grande entre o fato e o ressarcimento.Nos casos como os de uso do abrigo pelas v\u00edtimas e de dispositivos de monitoramento, os custos ser\u00e3o tamb\u00e9m ressarcidos pelo agressor. O texto prev\u00ea ainda que os bens da v\u00edtima de viol\u00eancia dom\u00e9stica n\u00e3o podem ser usados pelo agressor para o pagamento dos custos e nem como atenuante de pena ou comuta\u00e7\u00e3o, de restri\u00e7\u00e3o de liberdade para pecuni\u00e1ri\u00e1.<\/p>\n","protected":false},"excerpt":{"rendered":"<p>O projeto de lei que responsabiliza o agressor de viol\u00eancia dom\u00e9stica ressarcir o Sistema \u00danico de Sa\u00fade (SUS) pelos custos m\u00e9dicos e hospitalares de atendimento&hellip; <\/p>\n","protected":false},"author":1,"featured_media":109398,"comment_status":"closed","ping_status":"closed","sticky":false,"template":"","format":"standard","meta":{"sfsi_plus_gutenberg_text_before_share":"","sfsi_plus_gutenberg_show_text_before_share":"","sfsi_plus_gutenberg_icon_type":"","sfsi_plus_gutenberg_icon_alignemt":"","sfsi_plus_gutenburg_max_per_row":"","footnotes":""},"categories":[2],"tags":[],"class_list":["post-111431","post","type-post","status-publish","format-standard","has-post-thumbnail","hentry","category-geral"],"_links":{"self":[{"href":"https:\/\/www.caririemacao.com\/1\/wp-json\/wp\/v2\/posts\/111431","targetHints":{"allow":["GET"]}}],"collection":[{"href":"https:\/\/www.caririemacao.com\/1\/wp-json\/wp\/v2\/posts"}],"about":[{"href":"https:\/\/www.caririemacao.com\/1\/wp-json\/wp\/v2\/types\/post"}],"author":[{"embeddable":true,"href":"https:\/\/www.caririemacao.com\/1\/wp-json\/wp\/v2\/users\/1"}],"replies":[{"embeddable":true,"href":"https:\/\/www.caririemacao.com\/1\/wp-json\/wp\/v2\/comments?post=111431"}],"version-history":[{"count":1,"href":"https:\/\/www.caririemacao.com\/1\/wp-json\/wp\/v2\/posts\/111431\/revisions"}],"predecessor-version":[{"id":111433,"href":"https:\/\/www.caririemacao.com\/1\/wp-json\/wp\/v2\/posts\/111431\/revisions\/111433"}],"wp:featuredmedia":[{"embeddable":true,"href":"https:\/\/www.caririemacao.com\/1\/wp-json\/wp\/v2\/media\/109398"}],"wp:attachment":[{"href":"https:\/\/www.caririemacao.com\/1\/wp-json\/wp\/v2\/media?parent=111431"}],"wp:term":[{"taxonomy":"category","embeddable":true,"href":"https:\/\/www.caririemacao.com\/1\/wp-json\/wp\/v2\/categories?post=111431"},{"taxonomy":"post_tag","embeddable":true,"href":"https:\/\/www.caririemacao.com\/1\/wp-json\/wp\/v2\/tags?post=111431"}],"curies":[{"name":"wp","href":"https:\/\/api.w.org\/{rel}","templated":true}]}}