{"id":111438,"date":"2019-08-21T09:55:56","date_gmt":"2019-08-21T12:55:56","guid":{"rendered":"http:\/\/www.caririemacao.com\/1\/?p=111438"},"modified":"2019-08-21T09:55:56","modified_gmt":"2019-08-21T12:55:56","slug":"trump-e-maduro-confirmam-conversacoes-entre-os-dois-paises","status":"publish","type":"post","link":"https:\/\/www.caririemacao.com\/1\/2019\/08\/21\/trump-e-maduro-confirmam-conversacoes-entre-os-dois-paises\/","title":{"rendered":"Trump e Maduro confirmam conversa\u00e7\u00f5es entre os dois pa\u00edses"},"content":{"rendered":"\n<p>O presidente da Venezuela, Nicol\u00e1s Maduro, admitiu nessa ter\u00e7a-feira (20) a exist\u00eancia de contatos entre membros de seu governo e altos funcion\u00e1rios de Washington, confirmando declara\u00e7\u00f5es dadas antes pelo presidente norte-americano, Donald Trump.<\/p>\n\n\n\n<p>Trump havia dito ontem a rep\u00f3rteres que seu governo mant\u00e9m contato com &#8220;v\u00e1rios representantes da Venezuela&#8221;, mas se recusou a confirmar se a Casa Branca estaria conversando com Diosdado Cabello, o presidente da Assembleia Nacional Constituinte venezuelana, considerado o segundo pol\u00edtico mais poderoso do pa\u00eds depois de Maduro.<\/p>\n\n\n\n<p>O presidente se negou a citar nomes, mas disse que as conversa\u00e7\u00f5es ocorrem &#8220;em n\u00edvel muito alto&#8221;. Oficialmente, os EUA n\u00e3o reconhecem o governo de Maduro, alvo de pesadas san\u00e7\u00f5es econ\u00f4micas impostas por Washington, e apoiam o autoproclamado presidente interino e l\u00edder da oposi\u00e7\u00e3o, Juan Guaid\u00f3.<\/p>\n\n\n\n<p>&#8220;Confirmo que h\u00e1 meses existem contatos de altos funcion\u00e1rios do governo dos EUA, de Donald Trump, e do governo bolivariano que presido, sob minha autoriza\u00e7\u00e3o expressa, direta, v\u00e1rios contatos, v\u00e1rios meios, para tentar regular esse conflito&#8221;, disse Maduro em discurso em rede nacional.<\/p>\n\n\n\n<p>&#8220;Isso n\u00e3o \u00e9&nbsp;novo, h\u00e1 meses mantemos contatos&#8221;, afirmou o venezuelano, acrescentando que busca &#8220;uma forma para que o presidente Donald Trump escute a Venezuela de verdade&#8221;.<\/p>\n\n\n\n<p>Maduro acusou funcion\u00e1rios da Casa Branca de transmitirem uma imagem distorcida de seu pa\u00eds ao presidente americano. &#8220;A ele, vendem uma Venezuela de mentira e, com base nisso, conspiram, amea\u00e7am, agridem, sancionam&#8221;, afirmou, para justificar os contatos at\u00e9 ent\u00e3o secretos entre os dois governos.<\/p>\n\n\n\n<p>&#8220;Se um dia o presidente Trump quiser conversar seriamente e tra\u00e7ar um plano para regularizar e resolver esse conflito, estaremos sempre preparados para dialogar&#8221;, disse o l\u00edder venezuelano.<\/p>\n\n\n\n<p>Os dois chefes de Estado, por\u00e9m, n\u00e3o mencionaram Guaid\u00f3, cujo governo interino \u00e9 reconhecido por mais de 50 pa\u00edses. Maduro rompeu rela\u00e7\u00f5es com os EUA depois de o pa\u00eds reconhecer o oposicionista como presidente interino, no fim de janeiro.<\/p>\n\n\n\n<p>Guaid\u00f3, por sua vez, afirmou que seus representantes tamb\u00e9m mant\u00eam encontros com autoridades americanas nos EUA. &#8220;Houve v\u00e1rias reuni\u00f5es com nossos embaixadores e com algumas inst\u00e2ncias do governo&#8221;..<\/p>\n\n\n\n<p>Representantes de Guaid\u00f3 e Maduro vinham mantendo di\u00e1logos mediados pela Noruega desde maio, mas o governo venezuelano suspendeu as conversa\u00e7\u00f5es no dia 7 de agosto, em protesto \u00e0 imposi\u00e7\u00e3o de novas san\u00e7\u00f5es americanas.<\/p>\n\n\n\n<p>As medidas mais recentes adotadas por Washington, anunciadas no dia 5 de agosto, incluem um bloqueio de todos os ativos venezuelanos nos EUA e estabelece san\u00e7\u00f5es para qualquer empresa que realize neg\u00f3cios com o governo de Maduro. A isso se soma um embargo ao comercio de petr\u00f3leo venezuelano, vigente desde abril.<\/p>\n","protected":false},"excerpt":{"rendered":"<p>O presidente da Venezuela, Nicol\u00e1s Maduro, admitiu nessa ter\u00e7a-feira (20) a exist\u00eancia de contatos entre membros de seu governo e altos funcion\u00e1rios de Washington, confirmando&hellip; <\/p>\n","protected":false},"author":1,"featured_media":10900,"comment_status":"closed","ping_status":"closed","sticky":false,"template":"","format":"standard","meta":{"sfsi_plus_gutenberg_text_before_share":"","sfsi_plus_gutenberg_show_text_before_share":"","sfsi_plus_gutenberg_icon_type":"","sfsi_plus_gutenberg_icon_alignemt":"","sfsi_plus_gutenburg_max_per_row":"","footnotes":""},"categories":[2],"tags":[],"class_list":["post-111438","post","type-post","status-publish","format-standard","has-post-thumbnail","hentry","category-geral"],"_links":{"self":[{"href":"https:\/\/www.caririemacao.com\/1\/wp-json\/wp\/v2\/posts\/111438","targetHints":{"allow":["GET"]}}],"collection":[{"href":"https:\/\/www.caririemacao.com\/1\/wp-json\/wp\/v2\/posts"}],"about":[{"href":"https:\/\/www.caririemacao.com\/1\/wp-json\/wp\/v2\/types\/post"}],"author":[{"embeddable":true,"href":"https:\/\/www.caririemacao.com\/1\/wp-json\/wp\/v2\/users\/1"}],"replies":[{"embeddable":true,"href":"https:\/\/www.caririemacao.com\/1\/wp-json\/wp\/v2\/comments?post=111438"}],"version-history":[{"count":1,"href":"https:\/\/www.caririemacao.com\/1\/wp-json\/wp\/v2\/posts\/111438\/revisions"}],"predecessor-version":[{"id":111439,"href":"https:\/\/www.caririemacao.com\/1\/wp-json\/wp\/v2\/posts\/111438\/revisions\/111439"}],"wp:featuredmedia":[{"embeddable":true,"href":"https:\/\/www.caririemacao.com\/1\/wp-json\/wp\/v2\/media\/10900"}],"wp:attachment":[{"href":"https:\/\/www.caririemacao.com\/1\/wp-json\/wp\/v2\/media?parent=111438"}],"wp:term":[{"taxonomy":"category","embeddable":true,"href":"https:\/\/www.caririemacao.com\/1\/wp-json\/wp\/v2\/categories?post=111438"},{"taxonomy":"post_tag","embeddable":true,"href":"https:\/\/www.caririemacao.com\/1\/wp-json\/wp\/v2\/tags?post=111438"}],"curies":[{"name":"wp","href":"https:\/\/api.w.org\/{rel}","templated":true}]}}