{"id":111443,"date":"2019-08-21T10:04:00","date_gmt":"2019-08-21T13:04:00","guid":{"rendered":"http:\/\/www.caririemacao.com\/1\/?p=111443"},"modified":"2019-08-21T10:04:00","modified_gmt":"2019-08-21T13:04:00","slug":"bolsonaro-anuncia-pacote-de-privatizacoes-incluindo-os-correios-nesta-quarta-feira","status":"publish","type":"post","link":"https:\/\/www.caririemacao.com\/1\/2019\/08\/21\/bolsonaro-anuncia-pacote-de-privatizacoes-incluindo-os-correios-nesta-quarta-feira\/","title":{"rendered":"Bolsonaro anuncia pacote de privatiza\u00e7\u00f5es incluindo os Correios nesta quarta-feira"},"content":{"rendered":"\n<p>A Empresa Brasileira de Correios e Tel\u00e9grafos (ECT) est\u00e1 na lista das 17 estatais que ser\u00e3o privatizadas ainda este ano, de acordo com o previsto pelo Governo Federal. O an\u00fancio ser\u00e1 feito nesta quarta-feira (21), segundo informou o ministro da Economia, Paulo Guedes, nesta ter\u00e7a-feira (20).<\/p>\n\n\n\n<p>Nas justificativas para a privatiza\u00e7\u00e3o dos Correios, o Minist\u00e9rio da Economia aponta corrup\u00e7\u00e3o, interfer\u00eancias pol\u00edticas na gest\u00e3o da empresa, inefici\u00eancia, greves constantes e perda de mercado para empresas privadas na entrega de mercadorias vendidas pela internet, o e-commerce.<\/p>\n\n\n\n<p>Como exemplos de inefici\u00eancia, o estudo aponta o &#8220;elevado \u00edndice de extravio&#8221;, e morosidade no ressarcimento dos produtos extraviados.<\/p>\n\n\n\n<p>Nos estudos para a venda da estatal, o Minist\u00e9rio da Economia aponta o rombo de R$ 11 bilh\u00f5es no fundo de pens\u00e3o dos funcion\u00e1rios, o Postalis. Al\u00e9m disso, o Postal Sa\u00fade, o plano que atende aos funcion\u00e1rios, tem um rombo de R$ 3,9 bilh\u00f5es.<\/p>\n\n\n\n<p>O estudo diz que os Correios s\u00e3o uma &#8220;vaca indo para o brejo&#8221;, envolvendo risco fiscal de R$ 21 bilh\u00f5es&#8221;.<\/p>\n\n\n\n<p>Em junho deste ano, o Supremo Tribunal Federal (STF) decidiu que o governo federal n\u00e3o pode vender estatais sem aval do Congresso e sem licita\u00e7\u00e3o quando a transa\u00e7\u00e3o implicar perda de controle acion\u00e1rio.<\/p>\n","protected":false},"excerpt":{"rendered":"<p>A Empresa Brasileira de Correios e Tel\u00e9grafos (ECT) est\u00e1 na lista das 17 estatais que ser\u00e3o privatizadas ainda este ano, de acordo com o previsto&hellip; <\/p>\n","protected":false},"author":1,"featured_media":28848,"comment_status":"closed","ping_status":"closed","sticky":false,"template":"","format":"standard","meta":{"sfsi_plus_gutenberg_text_before_share":"","sfsi_plus_gutenberg_show_text_before_share":"","sfsi_plus_gutenberg_icon_type":"","sfsi_plus_gutenberg_icon_alignemt":"","sfsi_plus_gutenburg_max_per_row":"","footnotes":""},"categories":[11],"tags":[],"class_list":["post-111443","post","type-post","status-publish","format-standard","has-post-thumbnail","hentry","category-politica"],"_links":{"self":[{"href":"https:\/\/www.caririemacao.com\/1\/wp-json\/wp\/v2\/posts\/111443","targetHints":{"allow":["GET"]}}],"collection":[{"href":"https:\/\/www.caririemacao.com\/1\/wp-json\/wp\/v2\/posts"}],"about":[{"href":"https:\/\/www.caririemacao.com\/1\/wp-json\/wp\/v2\/types\/post"}],"author":[{"embeddable":true,"href":"https:\/\/www.caririemacao.com\/1\/wp-json\/wp\/v2\/users\/1"}],"replies":[{"embeddable":true,"href":"https:\/\/www.caririemacao.com\/1\/wp-json\/wp\/v2\/comments?post=111443"}],"version-history":[{"count":1,"href":"https:\/\/www.caririemacao.com\/1\/wp-json\/wp\/v2\/posts\/111443\/revisions"}],"predecessor-version":[{"id":111444,"href":"https:\/\/www.caririemacao.com\/1\/wp-json\/wp\/v2\/posts\/111443\/revisions\/111444"}],"wp:featuredmedia":[{"embeddable":true,"href":"https:\/\/www.caririemacao.com\/1\/wp-json\/wp\/v2\/media\/28848"}],"wp:attachment":[{"href":"https:\/\/www.caririemacao.com\/1\/wp-json\/wp\/v2\/media?parent=111443"}],"wp:term":[{"taxonomy":"category","embeddable":true,"href":"https:\/\/www.caririemacao.com\/1\/wp-json\/wp\/v2\/categories?post=111443"},{"taxonomy":"post_tag","embeddable":true,"href":"https:\/\/www.caririemacao.com\/1\/wp-json\/wp\/v2\/tags?post=111443"}],"curies":[{"name":"wp","href":"https:\/\/api.w.org\/{rel}","templated":true}]}}