{"id":111447,"date":"2019-08-21T10:36:31","date_gmt":"2019-08-21T13:36:31","guid":{"rendered":"http:\/\/www.caririemacao.com\/1\/?p=111447"},"modified":"2019-08-21T10:36:31","modified_gmt":"2019-08-21T13:36:31","slug":"noiva-de-gabriel-diniz-diz-receber-sinais-do-cantor-e-fala-de-joias-roubadas-do-dia-do-acidente","status":"publish","type":"post","link":"https:\/\/www.caririemacao.com\/1\/2019\/08\/21\/noiva-de-gabriel-diniz-diz-receber-sinais-do-cantor-e-fala-de-joias-roubadas-do-dia-do-acidente\/","title":{"rendered":"Noiva de Gabriel Diniz diz receber sinais do cantor e fala de joias roubadas do dia do acidente"},"content":{"rendered":"\n<p>Quase tr\u00eas meses ap\u00f3s a morte prematura de Gabriel Diniz num acidente de avi\u00e3o em Sergipe, em maio deste ano, Karoline Calheiros, a noiva, aos poucos, volta a ter uma vida normal. Mas ela ainda n\u00e3o consegue falar sobre o cantor sem derramar l\u00e1grimas.<br>De uma f\u00e9 inabal\u00e1vel, Karoline completou 25 anos no dia em que Gabriel morreu. Em um v\u00eddeo, ela respondeu a v\u00e1rias perguntas de f\u00e3s sobre o cantor, sobre como recebeu a not\u00edcia mais triste de sua vida e sobre a vida sem o noivo.<\/p>\n\n\n\n<p>Karoline ainda conta algo que ningu\u00e9m sabia: as joias desenhadas por Gabriel, que ele ostentava em seus shows, foram todas roubadas da mochila com a qual ele estava na hora do acidente de avi\u00e3o.<\/p>\n\n\n\n<p>\u201cTodas as pe\u00e7as de ouro dele foram roubadas no acidente. Infelizmente. Na mochila dele tinha um compartimentozinho que ele colocava as joias dele. Tudo foi embora\u201d, relata.<\/p>\n\n\n\n<p><strong>Sonhos com o cantor<br><\/strong><\/p>\n\n\n\n<p>\u201cAinda n\u00e3o sonhei com Gabriel. Acho que vai ser assim um momento muito especial. Ele t\u00e1 se fazendo de dif\u00edcil. N\u00e3o t\u00e1 vindo agora pra gente. Mas tem sempre ele nos lugares. A gente sempre recebe sinais dele de alguma forma\u201d, disse.<br>A not\u00edcia da morte<\/p>\n\n\n\n<p>\u201cComo eu recebi a not\u00edcia? Deus \u00e9 t\u00e3o perfeito que nos tirou de casa para que a gente n\u00e3o soubesse pela televis\u00e3o. Como todo mundo sabe, era o dia do meu anivers\u00e1rio, e tinha amigos aqui na Praia do Gunga (Alagoas), e choveu muito. Eu acredito que tenha sido o momento do acidente, uma chuva muito forte e a gente esperou para ver o mirante. Quando eu desci do mirante, antes de entrar no carro, recebi uma liga\u00e7\u00e3o de Andrezinho, que cuidava da agenda do Gabriel. Ele me perguntou se Gabriel estava comigo. Eu n\u00e3o sabia de nada. Achei ele muito s\u00e9rio. Ele j\u00e1 sabia o que tinha acontecido. Quando estava fora do carro, o saxofonista ligou e disse que tinha acontecido alguma coisa com Gabriel. N\u00e3o olhei Instagram, n\u00e3o liguei r\u00e1dio. Voltamos para casa. Recebi muitas liga\u00e7\u00f5es. Foram 40 minutos at\u00e9 em casa. A gente de fato n\u00e3o sabia de nada. Uma amiga minha que mora em Sergipe me ligou e disse que estava indo para o local do acidente. Precisei de tr\u00eas confirma\u00e7\u00f5es para saber que Gabriel tinha partido\u201d.<\/p>\n\n\n\n<p><strong>O desespero e a confirma\u00e7\u00e3o<\/strong><\/p>\n\n\n\n<p>\u201cPrimeiro uma mensagem dizendo que havia quatro corpos. Fake news, eu pensei. A Roberta chegou no local do acidente e me disse que era ele. Pra mim ainda havia esperan\u00e7a. Eu desesperei na hora, mas ainda tinha esperan\u00e7a. Pouco tempo depois, meu tio me mostrou a foto. E da\u00ed ele chegou com o telefone e disse \u2018Karol \u00e9 ele\u2019. Quando vi o rostinho dele percebi que era ele mesmo. (Ela chora)\u201d.<\/p>\n\n\n\n<p><strong>Vida ap\u00f3s a morte<\/strong><\/p>\n\n\n\n<p>\u201cA gente segue firme porque ele t\u00e1 num lugar muito melhor que a gente. Minha preocupa\u00e7\u00e3o era que ele tivesse sofrido. Fiquei com essa agonia por muito tempo. Mas ele n\u00e3o sofreu. J\u00e1 estava tudo preparado nos c\u00e9us para ele ser recebido da melhor forma. Coisas que fogem do nosso entendimento. S\u00f3 a f\u00e9 que explica\u201d.<\/p>\n\n\n\n<p><strong>O \u00faltimo encontro<\/strong><\/p>\n\n\n\n<p>\u201cEu fiquei muito ansiosa para v\u00ea-lo. Desesperei porque precisava. Quando eu cheguei l\u00e1, eu sabia que ali s\u00f3 era mat\u00e9ria. Ele estava com o aspecto de uma pessoa um pouco mais velha, acho que era maquiagem, mas muito sereno, do jeitinho que ele dormia\u201d.<\/p>\n\n\n\n<p><strong>Quest\u00e3o de f\u00e9<\/strong><\/p>\n\n\n\n<p>\u201cEstamos seguindo na f\u00e9, sempre \u00e0 procura de f\u00e9. Todos os dias leio a B\u00edblia. Eu lia muito para Gabriel o texto da Liberta\u00e7\u00e3o. A f\u00e9 de todas as pessoas queridas fazem Gabriel estar cada vez melhor onde ele estiver\u201d.<\/p>\n\n\n\n<p><strong>Joias roubadas<\/strong><\/p>\n\n\n\n<p>\u201cTodas as pe\u00e7as de ouro dele foram roubadas no acidente. Infelizmente. Na mochila dele tinha um compartimentozinho que ele colocava as joias dele. Tudo foi embora. Que as pessoas que est\u00e3o com esses objetos sejam aben\u00e7oadas porque isso t\u00eam um grande significado pra gente, at\u00e9 porque ele criava, ele desenhava e bolava tudo que usava. A gente tem um ourives l\u00e1 em Jo\u00e3o Pessoa que fazia todas as pe\u00e7as pra ele. Mais do que o ouro, tinha um valor sentimental porque era uma obra dele\u201d.<\/p>\n\n\n\n<p><strong>O que ficou<\/strong><\/p>\n\n\n\n<p>\u201cAcharam a mala e a mochila. Tudo estava destru\u00eddo. Menos a agenda preta dele e todos os planos e projetos e os agradecimentos. Ele gostava de escrever \u2018Sou grato a fulano por isso\u2019, tudo est\u00e1 nessa agenda. Deus deixou essa agenda intacta para botar os projetos dele para a frente e vamos colocar em pr\u00e1tica com o tempo\u201d.<\/p>\n","protected":false},"excerpt":{"rendered":"<p>Quase tr\u00eas meses ap\u00f3s a morte prematura de Gabriel Diniz num acidente de avi\u00e3o em Sergipe, em maio deste ano, Karoline Calheiros, a noiva, aos&hellip; <\/p>\n","protected":false},"author":1,"featured_media":111448,"comment_status":"closed","ping_status":"closed","sticky":false,"template":"","format":"standard","meta":{"sfsi_plus_gutenberg_text_before_share":"","sfsi_plus_gutenberg_show_text_before_share":"","sfsi_plus_gutenberg_icon_type":"","sfsi_plus_gutenberg_icon_alignemt":"","sfsi_plus_gutenburg_max_per_row":"","footnotes":""},"categories":[2],"tags":[],"class_list":["post-111447","post","type-post","status-publish","format-standard","has-post-thumbnail","hentry","category-geral"],"_links":{"self":[{"href":"https:\/\/www.caririemacao.com\/1\/wp-json\/wp\/v2\/posts\/111447","targetHints":{"allow":["GET"]}}],"collection":[{"href":"https:\/\/www.caririemacao.com\/1\/wp-json\/wp\/v2\/posts"}],"about":[{"href":"https:\/\/www.caririemacao.com\/1\/wp-json\/wp\/v2\/types\/post"}],"author":[{"embeddable":true,"href":"https:\/\/www.caririemacao.com\/1\/wp-json\/wp\/v2\/users\/1"}],"replies":[{"embeddable":true,"href":"https:\/\/www.caririemacao.com\/1\/wp-json\/wp\/v2\/comments?post=111447"}],"version-history":[{"count":1,"href":"https:\/\/www.caririemacao.com\/1\/wp-json\/wp\/v2\/posts\/111447\/revisions"}],"predecessor-version":[{"id":111449,"href":"https:\/\/www.caririemacao.com\/1\/wp-json\/wp\/v2\/posts\/111447\/revisions\/111449"}],"wp:featuredmedia":[{"embeddable":true,"href":"https:\/\/www.caririemacao.com\/1\/wp-json\/wp\/v2\/media\/111448"}],"wp:attachment":[{"href":"https:\/\/www.caririemacao.com\/1\/wp-json\/wp\/v2\/media?parent=111447"}],"wp:term":[{"taxonomy":"category","embeddable":true,"href":"https:\/\/www.caririemacao.com\/1\/wp-json\/wp\/v2\/categories?post=111447"},{"taxonomy":"post_tag","embeddable":true,"href":"https:\/\/www.caririemacao.com\/1\/wp-json\/wp\/v2\/tags?post=111447"}],"curies":[{"name":"wp","href":"https:\/\/api.w.org\/{rel}","templated":true}]}}