{"id":111452,"date":"2019-08-21T10:52:07","date_gmt":"2019-08-21T13:52:07","guid":{"rendered":"http:\/\/www.caririemacao.com\/1\/?p=111452"},"modified":"2019-08-21T10:52:07","modified_gmt":"2019-08-21T13:52:07","slug":"prefeitura-de-monte-horebe-abre-inscricoes-para-concurso-publico-com-52-vagas","status":"publish","type":"post","link":"https:\/\/www.caririemacao.com\/1\/2019\/08\/21\/prefeitura-de-monte-horebe-abre-inscricoes-para-concurso-publico-com-52-vagas\/","title":{"rendered":"Prefeitura de Monte Horebe abre inscri\u00e7\u00f5es para concurso p\u00fablico com 52 vagas"},"content":{"rendered":"\n<p>A Prefeitura de Monte Horebe inscreve a partir desta quarta-feira (21), para o concurso p\u00fablico,&nbsp;com 52 vagas e&nbsp;sal\u00e1rios de at\u00e9 R$ 7,5 mil. Os interessados poder\u00e3o se inscrever at\u00e9 o dia 18 de setembro,<a href=\"https:\/\/cpcon.uepb.edu.br\/concursos\/2019_monte_horebe\/\">atrav\u00e9s do site da empresa organizadora<\/a>&nbsp;do certame.<\/p>\n\n\n\n<p><a href=\"https:\/\/www.clickpb.com.br\/media\/filer_public\/3f\/8e\/3f8ef5a9-c12f-4a7b-8437-b63320d7940a\/edital_normativo_de_concurso_publico_no_001-2019_-__pmmhpb.pdf\">Confira o edital<\/a><\/p>\n\n\n\n<p>As vagas oferecidas s\u00e3o para n\u00edveis fundamental, m\u00e9dio e superior. As taxas variam entre R$ 65 (n\u00edvel fundamental), R$ 85 (n\u00edvel m\u00e9dio) e R$ 105 (n\u00edvel superior).<\/p>\n\n\n\n<p>De acordo com o edital as provas devem ser realizadas no dia 20 de outubro.<\/p>\n","protected":false},"excerpt":{"rendered":"<p>A Prefeitura de Monte Horebe inscreve a partir desta quarta-feira (21), para o concurso p\u00fablico,&nbsp;com 52 vagas e&nbsp;sal\u00e1rios de at\u00e9 R$ 7,5 mil. Os interessados&hellip; <\/p>\n","protected":false},"author":1,"featured_media":111453,"comment_status":"closed","ping_status":"closed","sticky":false,"template":"","format":"standard","meta":{"sfsi_plus_gutenberg_text_before_share":"","sfsi_plus_gutenberg_show_text_before_share":"","sfsi_plus_gutenberg_icon_type":"","sfsi_plus_gutenberg_icon_alignemt":"","sfsi_plus_gutenburg_max_per_row":"","footnotes":""},"categories":[6],"tags":[],"class_list":["post-111452","post","type-post","status-publish","format-standard","has-post-thumbnail","hentry","category-cidades"],"_links":{"self":[{"href":"https:\/\/www.caririemacao.com\/1\/wp-json\/wp\/v2\/posts\/111452","targetHints":{"allow":["GET"]}}],"collection":[{"href":"https:\/\/www.caririemacao.com\/1\/wp-json\/wp\/v2\/posts"}],"about":[{"href":"https:\/\/www.caririemacao.com\/1\/wp-json\/wp\/v2\/types\/post"}],"author":[{"embeddable":true,"href":"https:\/\/www.caririemacao.com\/1\/wp-json\/wp\/v2\/users\/1"}],"replies":[{"embeddable":true,"href":"https:\/\/www.caririemacao.com\/1\/wp-json\/wp\/v2\/comments?post=111452"}],"version-history":[{"count":1,"href":"https:\/\/www.caririemacao.com\/1\/wp-json\/wp\/v2\/posts\/111452\/revisions"}],"predecessor-version":[{"id":111454,"href":"https:\/\/www.caririemacao.com\/1\/wp-json\/wp\/v2\/posts\/111452\/revisions\/111454"}],"wp:featuredmedia":[{"embeddable":true,"href":"https:\/\/www.caririemacao.com\/1\/wp-json\/wp\/v2\/media\/111453"}],"wp:attachment":[{"href":"https:\/\/www.caririemacao.com\/1\/wp-json\/wp\/v2\/media?parent=111452"}],"wp:term":[{"taxonomy":"category","embeddable":true,"href":"https:\/\/www.caririemacao.com\/1\/wp-json\/wp\/v2\/categories?post=111452"},{"taxonomy":"post_tag","embeddable":true,"href":"https:\/\/www.caririemacao.com\/1\/wp-json\/wp\/v2\/tags?post=111452"}],"curies":[{"name":"wp","href":"https:\/\/api.w.org\/{rel}","templated":true}]}}