{"id":111457,"date":"2019-08-21T11:10:57","date_gmt":"2019-08-21T14:10:57","guid":{"rendered":"http:\/\/www.caririemacao.com\/1\/?p=111457"},"modified":"2019-08-21T11:10:57","modified_gmt":"2019-08-21T14:10:57","slug":"expectativa-dos-consumidores-para-inflacao-anual-cai-em-agosto","status":"publish","type":"post","link":"https:\/\/www.caririemacao.com\/1\/2019\/08\/21\/expectativa-dos-consumidores-para-inflacao-anual-cai-em-agosto\/","title":{"rendered":"Expectativa dos consumidores para infla\u00e7\u00e3o anual cai em agosto"},"content":{"rendered":"\n<p>A expectativa dos consumidores para a infla\u00e7\u00e3o anual recuou&nbsp; 0,2 ponto percentual, passando 5,3% em julho para 5,1% em agosto. Na compara\u00e7\u00e3o com o mesmo m\u00eas em 2018 o recuo ficou em 0,6 p. p. Foi a segunda redu\u00e7\u00e3o seguida desde junho quando ficou em 5,4%.&nbsp; A informa\u00e7\u00e3o foi divulgada hoje (21) pelo Instituto Brasileiro de Economia da Funda\u00e7\u00e3o Getulio Vargas (Ibre-FGV).<\/p>\n\n\n\n<p>O indicador subiu de 37,7% em julho para 43,4% em agosto, a parcela dos consumidores que projeta valores abaixo da meta de infla\u00e7\u00e3o para 2019 (de 4,25%). A eleva\u00e7\u00e3o \u00e9 a maior nos \u00faltimos seis meses. Apesar disso, a propor\u00e7\u00e3o de consumidores com expectativa de valores dentro dos limites superior e inferior ao da meta de infla\u00e7\u00e3o para 2019 (entre 2,75% e 5,75%) variou 0,2 ponto percentual (p.p.), alcan\u00e7ando 57,8%.<\/p>\n\n\n\n<p>Conforme as faixas salariais, as fam\u00edlias com renda familiar mensal acima de R$ 9.600,00, foram as que apresentaram a maior queda em agosto nas expectativas medianas para a infla\u00e7\u00e3o nos 12 meses seguintes. Nesse caso, a expectativa mediana diminuiu 0,4 p.p., chegando a 4,1%, o mesmo n\u00edvel registrado no primeiro trimestre desse ano. A \u00fanica faixa a ter alta foi a dos consumidores com renda at\u00e9 R$ 2.100. Subiu 0,1 p.p., atingindo 6,0%.<\/p>\n\n\n\n<p>Para a economista do Instituto Brasileiro de Economia da Funda\u00e7\u00e3o Getulio Vargas (FGV-Ibre) Renata de Mello Franco, a trajet\u00f3ria favor\u00e1vel da infla\u00e7\u00e3o observada nos \u00faltimos meses continuou a influenciar positivamente a expectativa dos consumidores em todas as faixas de renda, mas o decl\u00ednio poderia ter sido ainda maior se os consumidores n\u00e3o sentissem o impacto do aumento da energia e dos pre\u00e7os dos alimentos.<\/p>\n\n\n\n<p>\u201cA eleva\u00e7\u00e3o do pre\u00e7o da energia el\u00e9trica em julho e agosto e a diminui\u00e7\u00e3o do ritmo de queda dos pre\u00e7os de alimentos podem ter se colocado como obst\u00e1culo para uma redu\u00e7\u00e3o maior das expectativas, principalmente na primeira faixa de renda, que apresentou alta\u201d, explicou.<\/p>\n","protected":false},"excerpt":{"rendered":"<p>A expectativa dos consumidores para a infla\u00e7\u00e3o anual recuou&nbsp; 0,2 ponto percentual, passando 5,3% em julho para 5,1% em agosto. Na compara\u00e7\u00e3o com o mesmo&hellip; <\/p>\n","protected":false},"author":1,"featured_media":91612,"comment_status":"closed","ping_status":"closed","sticky":false,"template":"","format":"standard","meta":{"sfsi_plus_gutenberg_text_before_share":"","sfsi_plus_gutenberg_show_text_before_share":"","sfsi_plus_gutenberg_icon_type":"","sfsi_plus_gutenberg_icon_alignemt":"","sfsi_plus_gutenburg_max_per_row":"","footnotes":""},"categories":[2],"tags":[],"class_list":["post-111457","post","type-post","status-publish","format-standard","has-post-thumbnail","hentry","category-geral"],"_links":{"self":[{"href":"https:\/\/www.caririemacao.com\/1\/wp-json\/wp\/v2\/posts\/111457","targetHints":{"allow":["GET"]}}],"collection":[{"href":"https:\/\/www.caririemacao.com\/1\/wp-json\/wp\/v2\/posts"}],"about":[{"href":"https:\/\/www.caririemacao.com\/1\/wp-json\/wp\/v2\/types\/post"}],"author":[{"embeddable":true,"href":"https:\/\/www.caririemacao.com\/1\/wp-json\/wp\/v2\/users\/1"}],"replies":[{"embeddable":true,"href":"https:\/\/www.caririemacao.com\/1\/wp-json\/wp\/v2\/comments?post=111457"}],"version-history":[{"count":1,"href":"https:\/\/www.caririemacao.com\/1\/wp-json\/wp\/v2\/posts\/111457\/revisions"}],"predecessor-version":[{"id":111467,"href":"https:\/\/www.caririemacao.com\/1\/wp-json\/wp\/v2\/posts\/111457\/revisions\/111467"}],"wp:featuredmedia":[{"embeddable":true,"href":"https:\/\/www.caririemacao.com\/1\/wp-json\/wp\/v2\/media\/91612"}],"wp:attachment":[{"href":"https:\/\/www.caririemacao.com\/1\/wp-json\/wp\/v2\/media?parent=111457"}],"wp:term":[{"taxonomy":"category","embeddable":true,"href":"https:\/\/www.caririemacao.com\/1\/wp-json\/wp\/v2\/categories?post=111457"},{"taxonomy":"post_tag","embeddable":true,"href":"https:\/\/www.caririemacao.com\/1\/wp-json\/wp\/v2\/tags?post=111457"}],"curies":[{"name":"wp","href":"https:\/\/api.w.org\/{rel}","templated":true}]}}