{"id":111458,"date":"2019-08-21T11:07:32","date_gmt":"2019-08-21T14:07:32","guid":{"rendered":"http:\/\/www.caririemacao.com\/1\/?p=111458"},"modified":"2019-08-21T11:15:28","modified_gmt":"2019-08-21T14:15:28","slug":"prefeitura-realiza-caravana-de-servicos-no-assentamento-novo-mundo-em-camalau","status":"publish","type":"post","link":"https:\/\/www.caririemacao.com\/1\/2019\/08\/21\/prefeitura-realiza-caravana-de-servicos-no-assentamento-novo-mundo-em-camalau\/","title":{"rendered":"Prefeitura realiza Caravana de servi\u00e7os no Assentamento Novo Mundo em Camala\u00fa"},"content":{"rendered":"\n<p>Nesta ter\u00e7a-feira, dia 20, a Prefeitura de Camala\u00fa realizou uma Caravana de Servi\u00e7os p\u00fablicos, desta vez no Assentamento Novo Mundo, zona rural do munic\u00edpio.<\/p>\n\n\n\n<figure class=\"wp-block-image\"><img fetchpriority=\"high\" decoding=\"async\" width=\"960\" height=\"640\" src=\"http:\/\/www.caririemacao.com\/1\/wp-content\/uploads\/2019\/08\/68751576_1627419147394102_7488646058944233472_n.jpg\" alt=\"\" class=\"wp-image-111462\" srcset=\"https:\/\/www.caririemacao.com\/1\/wp-content\/uploads\/2019\/08\/68751576_1627419147394102_7488646058944233472_n.jpg 960w, https:\/\/www.caririemacao.com\/1\/wp-content\/uploads\/2019\/08\/68751576_1627419147394102_7488646058944233472_n-300x200.jpg 300w, https:\/\/www.caririemacao.com\/1\/wp-content\/uploads\/2019\/08\/68751576_1627419147394102_7488646058944233472_n-768x512.jpg 768w\" sizes=\"(max-width: 960px) 100vw, 960px\" \/><\/figure>\n\n\n\n<p>Foram realizadas a\u00e7\u00f5es voltadas a sa\u00fade dos moradores, como atendimento m\u00e9dico, exames, palestras, j\u00e1 para assist\u00eancia social, as mulheres tiveram corte de cabelo, unhas e v\u00e1rias outras a\u00e7\u00f5es. <\/p>\n\n\n\n<figure class=\"wp-block-image\"><img decoding=\"async\" width=\"1024\" height=\"585\" data-src=\"http:\/\/www.caririemacao.com\/1\/wp-content\/uploads\/2019\/08\/Sem-t\u00edtulo-1-1024x585.png\" alt=\"\" class=\"wp-image-111478 lazyload\" data-srcset=\"https:\/\/www.caririemacao.com\/1\/wp-content\/uploads\/2019\/08\/Sem-t\u00edtulo-1-1024x585.png 1024w, https:\/\/www.caririemacao.com\/1\/wp-content\/uploads\/2019\/08\/Sem-t\u00edtulo-1-300x171.png 300w, https:\/\/www.caririemacao.com\/1\/wp-content\/uploads\/2019\/08\/Sem-t\u00edtulo-1-768x439.png 768w, https:\/\/www.caririemacao.com\/1\/wp-content\/uploads\/2019\/08\/Sem-t\u00edtulo-1.png 1245w\" data-sizes=\"(max-width: 1024px) 100vw, 1024px\" src=\"data:image\/svg+xml;base64,PHN2ZyB3aWR0aD0iMSIgaGVpZ2h0PSIxIiB4bWxucz0iaHR0cDovL3d3dy53My5vcmcvMjAwMC9zdmciPjwvc3ZnPg==\" style=\"--smush-placeholder-width: 1024px; --smush-placeholder-aspect-ratio: 1024\/585;\" \/><\/figure>\n\n\n\n<p>A Caravana ainda promoveu a recupera\u00e7\u00e3o de estradas na comunidade realizada pela Secretaria de Agricultura.<\/p>\n\n\n\n<figure class=\"wp-block-image\"><img decoding=\"async\" width=\"960\" height=\"640\" data-src=\"http:\/\/www.caririemacao.com\/1\/wp-content\/uploads\/2019\/08\/69214173_1627420077394009_5940131265779859456_n.jpg\" alt=\"\" class=\"wp-image-111464 lazyload\" data-srcset=\"https:\/\/www.caririemacao.com\/1\/wp-content\/uploads\/2019\/08\/69214173_1627420077394009_5940131265779859456_n.jpg 960w, https:\/\/www.caririemacao.com\/1\/wp-content\/uploads\/2019\/08\/69214173_1627420077394009_5940131265779859456_n-300x200.jpg 300w, https:\/\/www.caririemacao.com\/1\/wp-content\/uploads\/2019\/08\/69214173_1627420077394009_5940131265779859456_n-768x512.jpg 768w\" data-sizes=\"(max-width: 960px) 100vw, 960px\" src=\"data:image\/svg+xml;base64,PHN2ZyB3aWR0aD0iMSIgaGVpZ2h0PSIxIiB4bWxucz0iaHR0cDovL3d3dy53My5vcmcvMjAwMC9zdmciPjwvc3ZnPg==\" style=\"--smush-placeholder-width: 960px; --smush-placeholder-aspect-ratio: 960\/640;\" \/><\/figure>\n\n\n\n<p>As a\u00e7\u00f5es foram promovidas pelas secretarias de a\u00e7\u00e3o social, sa\u00fade e agricultura que abra\u00e7aram o projeto e intensificaram v\u00e1rias a\u00e7\u00f5es no Assentamento Novo Mundo. <\/p>\n\n\n\n<figure class=\"wp-block-image\"><img decoding=\"async\" width=\"960\" height=\"640\" data-src=\"http:\/\/www.caririemacao.com\/1\/wp-content\/uploads\/2019\/08\/68490332_1627419404060743_1061777234819284992_n.jpg\" alt=\"\" class=\"wp-image-111460 lazyload\" data-srcset=\"https:\/\/www.caririemacao.com\/1\/wp-content\/uploads\/2019\/08\/68490332_1627419404060743_1061777234819284992_n.jpg 960w, https:\/\/www.caririemacao.com\/1\/wp-content\/uploads\/2019\/08\/68490332_1627419404060743_1061777234819284992_n-300x200.jpg 300w, https:\/\/www.caririemacao.com\/1\/wp-content\/uploads\/2019\/08\/68490332_1627419404060743_1061777234819284992_n-768x512.jpg 768w\" data-sizes=\"(max-width: 960px) 100vw, 960px\" src=\"data:image\/svg+xml;base64,PHN2ZyB3aWR0aD0iMSIgaGVpZ2h0PSIxIiB4bWxucz0iaHR0cDovL3d3dy53My5vcmcvMjAwMC9zdmciPjwvc3ZnPg==\" style=\"--smush-placeholder-width: 960px; --smush-placeholder-aspect-ratio: 960\/640;\" \/><\/figure>\n\n\n\n<p>Segundo o prefeito, Sandro M\u00f4co, a proposta de realizar essas\ncaravanas prev\u00ea a\u00e7\u00f5es por toda Camala\u00fa. \u201c\u00c9 um programa importante, pois\naproxima a Prefeitura e outros \u00f3rg\u00e3os p\u00fablicos da comunidade, realizando\nservi\u00e7os essenciais durante os dias de atividades\u201d, destacou.<\/p>\n\n\n\n<p><a href=\"http:\/\/ https:\/\/www.facebook.com\/CaririEmAcao\/videos\/557476468397760\/\">Veja reportagem especial. Clique AQUI e veja o V\u00cdDEO.<\/a><\/p>\n\n\n\n<p><a href=\"https:\/\/www.facebook.com\/pg\/CaririEmAcao\/photos\/?tab=album&amp;album_id=1627416847394332\">Veja FOTOS das a\u00e7\u00f5es. Clique AQUI e veja as FOTOS.<\/a><\/p>\n","protected":false},"excerpt":{"rendered":"<p>Nesta ter\u00e7a-feira, dia 20, a Prefeitura de Camala\u00fa realizou uma Caravana de Servi\u00e7os p\u00fablicos, desta vez no Assentamento Novo Mundo, zona rural do munic\u00edpio. Foram&hellip; <\/p>\n","protected":false},"author":2,"featured_media":111465,"comment_status":"closed","ping_status":"closed","sticky":false,"template":"","format":"standard","meta":{"sfsi_plus_gutenberg_text_before_share":"","sfsi_plus_gutenberg_show_text_before_share":"","sfsi_plus_gutenberg_icon_type":"","sfsi_plus_gutenberg_icon_alignemt":"","sfsi_plus_gutenburg_max_per_row":"","footnotes":""},"categories":[6,50],"tags":[],"class_list":["post-111458","post","type-post","status-publish","format-standard","has-post-thumbnail","hentry","category-cidades","category-destaque"],"_links":{"self":[{"href":"https:\/\/www.caririemacao.com\/1\/wp-json\/wp\/v2\/posts\/111458","targetHints":{"allow":["GET"]}}],"collection":[{"href":"https:\/\/www.caririemacao.com\/1\/wp-json\/wp\/v2\/posts"}],"about":[{"href":"https:\/\/www.caririemacao.com\/1\/wp-json\/wp\/v2\/types\/post"}],"author":[{"embeddable":true,"href":"https:\/\/www.caririemacao.com\/1\/wp-json\/wp\/v2\/users\/2"}],"replies":[{"embeddable":true,"href":"https:\/\/www.caririemacao.com\/1\/wp-json\/wp\/v2\/comments?post=111458"}],"version-history":[{"count":4,"href":"https:\/\/www.caririemacao.com\/1\/wp-json\/wp\/v2\/posts\/111458\/revisions"}],"predecessor-version":[{"id":111480,"href":"https:\/\/www.caririemacao.com\/1\/wp-json\/wp\/v2\/posts\/111458\/revisions\/111480"}],"wp:featuredmedia":[{"embeddable":true,"href":"https:\/\/www.caririemacao.com\/1\/wp-json\/wp\/v2\/media\/111465"}],"wp:attachment":[{"href":"https:\/\/www.caririemacao.com\/1\/wp-json\/wp\/v2\/media?parent=111458"}],"wp:term":[{"taxonomy":"category","embeddable":true,"href":"https:\/\/www.caririemacao.com\/1\/wp-json\/wp\/v2\/categories?post=111458"},{"taxonomy":"post_tag","embeddable":true,"href":"https:\/\/www.caririemacao.com\/1\/wp-json\/wp\/v2\/tags?post=111458"}],"curies":[{"name":"wp","href":"https:\/\/api.w.org\/{rel}","templated":true}]}}