{"id":111471,"date":"2019-08-21T11:13:51","date_gmt":"2019-08-21T14:13:51","guid":{"rendered":"http:\/\/www.caririemacao.com\/1\/?p=111471"},"modified":"2019-08-21T11:13:51","modified_gmt":"2019-08-21T14:13:51","slug":"trump-cancela-visita-apos-dinamarca-rechacar-venda-da-groenlandia","status":"publish","type":"post","link":"https:\/\/www.caririemacao.com\/1\/2019\/08\/21\/trump-cancela-visita-apos-dinamarca-rechacar-venda-da-groenlandia\/","title":{"rendered":"Trump cancela visita ap\u00f3s Dinamarca recha\u00e7ar venda da Groenl\u00e2ndia"},"content":{"rendered":"\n<p>O presidente dos Estados Unidos (EUA), Donald Trump, surpreendeu o governo da Dinamarca ao cancelar nesta ter\u00e7a-feira (20\/08) uma visita de Estado ao pa\u00eds, ap\u00f3s a primeira-ministra dinamarquesa, Mette Frederiksen, qualificar de &#8220;absurda&#8221; a inten\u00e7\u00e3o expressa pelo americano de comprar a Groenl\u00e2ndia.<\/p>\n\n\n\n<p>A proposta de Trump foi inicialmente recebida com uma mistura de incredulidade e esc\u00e1rnio pelos pol\u00edticos dinamarqueses, com o ex-primeiro ministro Lars Lokke Rasmussen chegando a afirmar que se isso &#8220;deve ser alguma piada de 1\u00ba de abril&#8221;. Outros ficaram ofendidos com as inten\u00e7\u00f5es do americano. Mas o cancelamento da visita, marcada para os dias 2 e 3 de setembro, pegou muitos de surpresa.<\/p>\n\n\n\n<p>&#8220;A Dinamarca \u00e9 um pa\u00eds muito especial, com pessoas incr\u00edveis, mas com base nos coment\u00e1rios da primeira-ministra Mette Frederiksen, de que ela n\u00e3o teria interesse em discutir a venda da Groenl\u00e2ndia, eu decidi adiar nosso encontro, marcado para daqui a duas semanas, para outra data&#8221;, disse Trump atrav\u00e9s do Twitter.<\/p>\n\n\n\n<p>&#8220;Ao ser t\u00e3o direta, a primeira-ministra conseguiu economizar enormes gastos e esfor\u00e7os, tanto para os Estados Unidos quanto para a Dinamarca&#8221;, disse Trump. &#8220;Lhe agrade\u00e7o por isso e anseio por remarcar [a visita oficial] para alguma data no futuro&#8221;, completou.<\/p>\n\n\n\n<p>L\u00edderes pol\u00edticos do pa\u00eds reagiram com choque e perplexidade. Martin Lindegaard, ex-ministro dinamarqu\u00eas do Exterior, disse que o comportamento do americano \u00e9 &#8220;grotesco&#8221;, e chamou o epis\u00f3dio de uma &#8220;farsa diplom\u00e1tica&#8221;. A ex-primeira-ministra Helle Thorning-Schmidt disse que, com o cancelamento, Trump &#8220;insulta profundamente o povo da Groenl\u00e2ndia e da Dinamarca&#8221;.<\/p>\n\n\n\n<p>Kristian Jensen, tamb\u00e9m ex-ministro do Exterior, disse se tratar de um &#8220;caos total&#8221;, e que a situa\u00e7\u00e3o se transformou &#8220;de uma grande oportunidade para refor\u00e7ar o di\u00e1logo entre aliados em uma crise diplom\u00e1tica&#8221;. &#8220;Todos devem saber que a Groenl\u00e2ndia n\u00e3o est\u00e1 \u00e1 venda&#8221;, ressaltou.<\/p>\n\n\n\n<p>Na \u00faltima segunda-feira, Frederiksen reagiu de forma categ\u00f3rica \u00e0s declara\u00e7\u00f5es de Trump sobre a compra do territ\u00f3rio aut\u00f4nomo. &#8220;A Groenl\u00e2ndia n\u00e3o est\u00e1 \u00e0 venda. A Groenl\u00e2ndia n\u00e3o \u00e9 dinamarquesa, \u00e9 groenlandesa. Espero, de verdade, que n\u00e3o tenha sido algo dito com seriedade&#8221;, disse Frederiksen, durante visita \u00e0 Groenl\u00e2ndia. &#8220;\u00c9 uma discuss\u00e3o absurda e Kim Kielsen (premi\u00ea groenland\u00eas) deixou claro que n\u00e3o est\u00e1 \u00e0 venda. E a\u00ed termina a discuss\u00e3o&#8221;, afirmou Frederiksen.<\/p>\n\n\n\n<p>Trump e a primeira-dama americana, Melania, haviam sido formalmente convidados a visitar o pa\u00eds pela rainha Margrethe, em julho. Uma porta-voz disse que a fam\u00edlia real recebeu com surpresa o cancelamento, mas, muitos no pa\u00eds veem a atitude do americano como uma ofensa \u00e0 rainha.<\/p>\n\n\n\n<p>A Groenl\u00e2ndia tem 2,2 milh\u00f5es de quil\u00f4metros quadrados, dos quais 1,7 milh\u00e3o est\u00e3o sob uma cobertura de gelo, abaixo da qual est\u00e3o recursos naturais como carv\u00e3o e ur\u00e2nio. Mas, apesar de suas riquezas potenciais, a ilha \u00e9 altamente dependente da Dinamarca, que arca com dois ter\u00e7os de seu or\u00e7amento. A popula\u00e7\u00e3o local tamb\u00e9m sofre com o desemprego e altas taxas de suic\u00eddio.<\/p>\n\n\n\n<p>Os americanos mant\u00eam interesse estrat\u00e9gico na regi\u00e3o desde a Segunda Guerra Mundial, quando os montaram v\u00e1rias instala\u00e7\u00f5es militares na ilha. Um tratado de defesa, de 1951, entre a Dinamarca e os EUA, permite aos americanos manterem no norte da ilha a Base A\u00e9rea de Thule, onde os militares operam um sofisticado sistema de detec\u00e7\u00e3o de disparos de m\u00edsseis contra o territ\u00f3rio americano.<\/p>\n\n\n\n<p>Os Estados Unidos j\u00e1 tentaram no passado comprar a Groenl\u00e2ndia, a \u00faltima vez em 1946, quando Harry Truman era presidente.<\/p>\n\n\n\n<p>A Groenl\u00e2ndia possui desde 1979 um estatuto de autonomia, ampliado 30 anos depois \u2013 com o apoio em massa em referendo consultivo dos groenlandeses \u2013 at\u00e9 incluir todas as compet\u00eancias, salvo defesa, pol\u00edtica externa e monet\u00e1ria, entre outras; al\u00e9m do direito de autodetermina\u00e7\u00e3o.<\/p>\n","protected":false},"excerpt":{"rendered":"<p>O presidente dos Estados Unidos (EUA), Donald Trump, surpreendeu o governo da Dinamarca ao cancelar nesta ter\u00e7a-feira (20\/08) uma visita de Estado ao pa\u00eds, ap\u00f3s&hellip; <\/p>\n","protected":false},"author":1,"featured_media":110547,"comment_status":"closed","ping_status":"closed","sticky":false,"template":"","format":"standard","meta":{"sfsi_plus_gutenberg_text_before_share":"","sfsi_plus_gutenberg_show_text_before_share":"","sfsi_plus_gutenberg_icon_type":"","sfsi_plus_gutenberg_icon_alignemt":"","sfsi_plus_gutenburg_max_per_row":"","footnotes":""},"categories":[2],"tags":[],"class_list":["post-111471","post","type-post","status-publish","format-standard","has-post-thumbnail","hentry","category-geral"],"_links":{"self":[{"href":"https:\/\/www.caririemacao.com\/1\/wp-json\/wp\/v2\/posts\/111471","targetHints":{"allow":["GET"]}}],"collection":[{"href":"https:\/\/www.caririemacao.com\/1\/wp-json\/wp\/v2\/posts"}],"about":[{"href":"https:\/\/www.caririemacao.com\/1\/wp-json\/wp\/v2\/types\/post"}],"author":[{"embeddable":true,"href":"https:\/\/www.caririemacao.com\/1\/wp-json\/wp\/v2\/users\/1"}],"replies":[{"embeddable":true,"href":"https:\/\/www.caririemacao.com\/1\/wp-json\/wp\/v2\/comments?post=111471"}],"version-history":[{"count":1,"href":"https:\/\/www.caririemacao.com\/1\/wp-json\/wp\/v2\/posts\/111471\/revisions"}],"predecessor-version":[{"id":111472,"href":"https:\/\/www.caririemacao.com\/1\/wp-json\/wp\/v2\/posts\/111471\/revisions\/111472"}],"wp:featuredmedia":[{"embeddable":true,"href":"https:\/\/www.caririemacao.com\/1\/wp-json\/wp\/v2\/media\/110547"}],"wp:attachment":[{"href":"https:\/\/www.caririemacao.com\/1\/wp-json\/wp\/v2\/media?parent=111471"}],"wp:term":[{"taxonomy":"category","embeddable":true,"href":"https:\/\/www.caririemacao.com\/1\/wp-json\/wp\/v2\/categories?post=111471"},{"taxonomy":"post_tag","embeddable":true,"href":"https:\/\/www.caririemacao.com\/1\/wp-json\/wp\/v2\/tags?post=111471"}],"curies":[{"name":"wp","href":"https:\/\/api.w.org\/{rel}","templated":true}]}}